
{"id":16952,"date":"2022-12-30T17:47:59","date_gmt":"2022-12-30T15:47:59","guid":{"rendered":"https:\/\/www.viabelgica.nl\/de-via-belgica-fietsen-in-drie-dagen-dat-kan\/"},"modified":"2025-11-15T17:25:39","modified_gmt":"2025-11-15T15:25:39","slug":"de-via-belgica-fietsen-in-drie-dagen-dat-kan","status":"publish","type":"post","link":"https:\/\/www.viabelgica.nl\/fr\/de-via-belgica-fietsen-in-drie-dagen-dat-kan\/","title":{"rendered":"Parcourir la Via Belgica \u00e0 v\u00e9lo en trois jours \u2014 c\u2019est possible &#8230;"},"content":{"rendered":"","protected":false},"excerpt":{"rendered":"","protected":false},"author":10,"featured_media":0,"comment_status":"closed","ping_status":"closed","sticky":false,"template":"","format":"standard","meta":{"_acf_changed":false,"inline_featured_image":false,"footnotes":""},"categories":[],"tags":[],"class_list":["post-16952","post","type-post","status-publish","format-standard","hentry"],"acf":{"categorie":null,"afbeelding":10052,"auteur":"Harry Lindelauf","fotografie":"Harry ","contentbuilder":[{"acf_fc_layout":"tekst","tekst":"Mardi matin, ils sont partis de Boulogne-sur-Mer \u00e0 v\u00e9lo gravel ; jeudi soir, ils sont arriv\u00e9s \u00e0 la cath\u00e9drale (Dom) de Cologne. Ainsi, Nol van Loon, Kenneth Alting, Casper van Amelsvoort et Mark van Ham ont parcouru toute la Via Belgica en trois jours. Leur voyage fera l\u2019objet d\u2019un documentaire vid\u00e9o et d\u2019une exposition photographique.\r\n\r\n\u00ab Enti\u00e8rement imagin\u00e9 et organis\u00e9 par nous-m\u00eames \u00bb, avoue Nol van Loon lorsqu\u2019on lui demande qui a eu l\u2019id\u00e9e de cette exp\u00e9dition cycliste ultra. \u00ab Chaque ann\u00e9e, nous recherchons un d\u00e9fi cycliste pour les jours tranquilles entre No\u00ebl et le Nouvel An. Nous appelons cela notre \u2018Crazy500\u2019 parce que nous visons 500 kilom\u00e8tres \u00e0 v\u00e9lo. Pour le fabricant de v\u00e9los Ridley, nous avons r\u00e9alis\u00e9 une vid\u00e9o sur un nouveau v\u00e9lo portant un nom mythologique, ce qui nous a conduits sur la piste de la mythologie grecque et romaine. C\u2019est ainsi que la graine a \u00e9t\u00e9 plant\u00e9e et que nous sommes arriv\u00e9s \u00e0 la Via Belgica. Gr\u00e2ce aux itin\u00e9raires du site de la Via Belgica et \u00e0 Wikip\u00e9dia, nous avons trac\u00e9 le parcours en passant par des lieux d\u2019int\u00e9r\u00eat historique. Finalement, nous avons roul\u00e9 environ un cinqui\u00e8me des 500 kilom\u00e8tres sur du gravel. Et je dois dire que gr\u00e2ce aux chemins de gravel nous avons vu les plus beaux endroits. \u00bb\r\n<h3>Des parcours \u00e0 v\u00e9lo avec une histoire<\/h3>\r\nNol van Loon fait partie de Fatpigeon, bas\u00e9 \u00e0 Tilburg. L\u2019entreprise imagine et parcourt des itin\u00e9raires cyclistes racontant une histoire, \u00ab car nous voulons montrer que le v\u00e9lo peut \u00eatre plus qu\u2019\u00eatre simplement assis sur une selle \u00bb. Les parcours sont film\u00e9s et vendus \u00e0 des offices du tourisme nationaux et r\u00e9gionaux et \u00e0 d\u2019autres commanditaires, comme des fabricants de v\u00e9los.\r\n<h3>Secteurs pav\u00e9s<\/h3>\r\nLa premi\u00e8re \u00e9tape de 120 kilom\u00e8tres a eu lieu le mardi 27 d\u00e9cembre, de Boulogne-sur-Mer \u00e0 Arras. Mercredi 28 d\u00e9cembre, 220 kilom\u00e8tres menaient d\u2019Arras \u00e0 Orp-Jauche en Belgique, un trajet comprenant des secteurs pav\u00e9s glissants, une chute sans blessure et quinze crevaisons. Jeudi, le groupe a roul\u00e9 l\u2019\u00e9tape finale de 170 kilom\u00e8tres via Tongres et Maastricht jusqu\u2019\u00e0 Cologne."}]},"_links":{"self":[{"href":"https:\/\/www.viabelgica.nl\/fr\/wp-json\/wp\/v2\/posts\/16952","targetHints":{"allow":["GET"]}}],"collection":[{"href":"https:\/\/www.viabelgica.nl\/fr\/wp-json\/wp\/v2\/posts"}],"about":[{"href":"https:\/\/www.viabelgica.nl\/fr\/wp-json\/wp\/v2\/types\/post"}],"author":[{"embeddable":true,"href":"https:\/\/www.viabelgica.nl\/fr\/wp-json\/wp\/v2\/users\/10"}],"replies":[{"embeddable":true,"href":"https:\/\/www.viabelgica.nl\/fr\/wp-json\/wp\/v2\/comments?post=16952"}],"version-history":[{"count":2,"href":"https:\/\/www.viabelgica.nl\/fr\/wp-json\/wp\/v2\/posts\/16952\/revisions"}],"predecessor-version":[{"id":16956,"href":"https:\/\/www.viabelgica.nl\/fr\/wp-json\/wp\/v2\/posts\/16952\/revisions\/16956"}],"wp:attachment":[{"href":"https:\/\/www.viabelgica.nl\/fr\/wp-json\/wp\/v2\/media?parent=16952"}],"wp:term":[{"taxonomy":"category","embeddable":true,"href":"https:\/\/www.viabelgica.nl\/fr\/wp-json\/wp\/v2\/categories?post=16952"},{"taxonomy":"post_tag","embeddable":true,"href":"https:\/\/www.viabelgica.nl\/fr\/wp-json\/wp\/v2\/tags?post=16952"}],"curies":[{"name":"wp","href":"https:\/\/api.w.org\/{rel}","templated":true}]}}