
{"id":16987,"date":"2023-01-01T10:00:27","date_gmt":"2023-01-01T08:00:27","guid":{"rendered":"https:\/\/www.viabelgica.nl\/anja-neskens-nieuwe-projectleider-via-belgica\/"},"modified":"2025-11-15T17:40:05","modified_gmt":"2025-11-15T15:40:05","slug":"anja-neskens-nieuwe-projectleider-via-belgica","status":"publish","type":"post","link":"https:\/\/www.viabelgica.nl\/fr\/anja-neskens-nieuwe-projectleider-via-belgica\/","title":{"rendered":"Anja Neskens, nouvelle cheffe de projet de Via Belgica"},"content":{"rendered":"","protected":false},"excerpt":{"rendered":"","protected":false},"author":10,"featured_media":0,"comment_status":"closed","ping_status":"closed","sticky":false,"template":"","format":"standard","meta":{"_acf_changed":false,"inline_featured_image":false,"footnotes":""},"categories":[],"tags":[],"class_list":["post-16987","post","type-post","status-publish","format-standard","hentry"],"acf":{"categorie":null,"afbeelding":10028,"auteur":"Ankie Bosch","fotografie":"Britt van Kruchten","contentbuilder":[{"acf_fc_layout":"tekst","tekst":"Une nouvelle ann\u00e9e, un nouveau d\u00e9part \u2014 \u00e9galement pour Via Belgica. Depuis le 1er janvier 2023, Anja Neskens est cheffe de projet de Via Belgica. Elle succ\u00e8de \u00e0 Toos Hofstede, qui a fait conna\u00eetre Via Belgica avec passion et d\u00e9vouement au cours des derni\u00e8res ann\u00e9es. Anja a auparavant \u00e9t\u00e9 cheffe de projet senior pour les expositions au Mus\u00e9e du Limbourg et arch\u00e9ologue municipale \u00e0 Maaseik, donc sa passion pour le pass\u00e9 est entre de bonnes mains ! Elle combine ce r\u00f4le avec celui de cheffe de projet pour le pass\u00e9 romain \u00e0 Heerlen."}]},"_links":{"self":[{"href":"https:\/\/www.viabelgica.nl\/fr\/wp-json\/wp\/v2\/posts\/16987","targetHints":{"allow":["GET"]}}],"collection":[{"href":"https:\/\/www.viabelgica.nl\/fr\/wp-json\/wp\/v2\/posts"}],"about":[{"href":"https:\/\/www.viabelgica.nl\/fr\/wp-json\/wp\/v2\/types\/post"}],"author":[{"embeddable":true,"href":"https:\/\/www.viabelgica.nl\/fr\/wp-json\/wp\/v2\/users\/10"}],"replies":[{"embeddable":true,"href":"https:\/\/www.viabelgica.nl\/fr\/wp-json\/wp\/v2\/comments?post=16987"}],"version-history":[{"count":2,"href":"https:\/\/www.viabelgica.nl\/fr\/wp-json\/wp\/v2\/posts\/16987\/revisions"}],"predecessor-version":[{"id":16992,"href":"https:\/\/www.viabelgica.nl\/fr\/wp-json\/wp\/v2\/posts\/16987\/revisions\/16992"}],"wp:attachment":[{"href":"https:\/\/www.viabelgica.nl\/fr\/wp-json\/wp\/v2\/media?parent=16987"}],"wp:term":[{"taxonomy":"category","embeddable":true,"href":"https:\/\/www.viabelgica.nl\/fr\/wp-json\/wp\/v2\/categories?post=16987"},{"taxonomy":"post_tag","embeddable":true,"href":"https:\/\/www.viabelgica.nl\/fr\/wp-json\/wp\/v2\/tags?post=16987"}],"curies":[{"name":"wp","href":"https:\/\/api.w.org\/{rel}","templated":true}]}}