
{"id":16999,"date":"2023-12-27T10:00:09","date_gmt":"2023-12-27T08:00:09","guid":{"rendered":"https:\/\/www.viabelgica.nl\/een-nieuwe-toekomst-voor-het-romeins-verleden\/"},"modified":"2025-11-15T17:46:18","modified_gmt":"2025-11-15T15:46:18","slug":"een-nieuwe-toekomst-voor-het-romeins-verleden","status":"publish","type":"post","link":"https:\/\/www.viabelgica.nl\/fr\/een-nieuwe-toekomst-voor-het-romeins-verleden\/","title":{"rendered":"Un nouvel avenir pour le pass\u00e9 romain"},"content":{"rendered":"","protected":false},"excerpt":{"rendered":"","protected":false},"author":10,"featured_media":0,"comment_status":"closed","ping_status":"closed","sticky":false,"template":"","format":"standard","meta":{"_acf_changed":false,"inline_featured_image":false,"footnotes":""},"categories":[],"tags":[],"class_list":["post-16999","post","type-post","status-publish","format-standard","hentry"],"acf":{"categorie":null,"afbeelding":9995,"auteur":"Harry Lindelauf en Ankie Bosch","fotografie":"Thermenmuseum en Jonathan Vos Photography","contentbuilder":[{"acf_fc_layout":"tekst","tekst":"<h2 class=\"p1\">Le pass\u00e9 romain en Limbourg du Sud est solidement \u00e9tabli, gr\u00e2ce entre autres \u00e0 Via Belgica. Dans les ann\u00e9es \u00e0 venir, le Mus\u00e9e romain de Heerlen donnera de nouvelles impulsions. La pr\u00e9figuratrice du mus\u00e9e, Beno\u00eet Mater, et la cheffe de projet Via Belgica, Toos Hofstede, se tournent vers l\u2019avenir (et vers le pass\u00e9). Et elles expliquent pourquoi Via Belgica est bien plus qu\u2019une ancienne voie romaine.<\/h2>"},{"acf_fc_layout":"tekst_foto","tekst":"Ce qu\u2019elles partagent : l\u2019enthousiasme pour le patrimoine romain de la r\u00e9gion. Cet enthousiasme a grandi chez Toos Hofstede depuis qu\u2019elle a pris le r\u00f4le de cheffe de projet il y a six ans. Beno\u00eet Mater l\u2019a apport\u00e9 apr\u00e8s ses \u00e9tudes en arch\u00e9ologie m\u00e9diterran\u00e9enne et veut transmettre ici la passion que les Italiens ont pour leur patrimoine. \u00ab Nous voulons planter une graine dans le c\u0153ur des Limbourgeois et des N\u00e9erlandais. Nous pouvons \u00eatre fiers de cet h\u00e9ritage remarquable. Afin que nous nous sentions plus li\u00e9s au pass\u00e9 que nous partageons. \u00bb Toos : \u00ab Nous donnons un pass\u00e9 \u00e0 notre avenir et un avenir \u00e0 notre pass\u00e9. \u00bb","foto":9989},{"acf_fc_layout":"tekst_quote","tekst":"Trouvez votre chemin\r\nDepuis l\u2019arriv\u00e9e de Toos, Via Belgica n\u2019est plus consid\u00e9r\u00e9e uniquement comme l\u2019ancienne voie romaine. Toos : \u00ab Via Belgica repr\u00e9sente plus que la recherche d\u2019une route vieille de 2 000 ans. Elle nous raconte l\u2019histoire du pass\u00e9 romain du Limbourg du Sud. Via Belgica est le point de d\u00e9part pour d\u00e9couvrir qui nous \u00e9tions et qui nous sommes. Et pour red\u00e9couvrir l\u2019offre unique de cette r\u00e9gion. \u00bb\r\n\r\nProche des gens\r\n\u00ab Avec Via Belgica, le pass\u00e9 romain a trouv\u00e9 un avenir, car nous l\u2019avons rapproch\u00e9 des gens \u00bb, dit Toos. \u00ab Sous la devise \u2018trouve ton chemin\u2019, arch\u00e9ologie, culture et tourisme ont \u00e9t\u00e9 r\u00e9unis, tout comme pass\u00e9 et pr\u00e9sent. \u00bb Les entrepreneurs et les acteurs culturels de la r\u00e9gion portent \u00e9galement cette histoire. Le r\u00e9sultat est une offre large et vari\u00e9e : des d\u00e9couvertes arch\u00e9ologiques aux recettes, en passant par des itin\u00e9raires p\u00e9destres et la r\u00e9alit\u00e9 virtuelle.","quote":"\u2018Via Belgica est le point de d\u00e9part pour d\u00e9couvrir qui nous \u00e9tions et qui nous sommes.\u2019","naam":"Toos Hofstede"},{"acf_fc_layout":"foto_tekst","foto":9992,"tekst":"Une nouvelle allure\r\nCette offre sera \u00e9largie \u00e0 l\u2019\u00e9t\u00e9 2026 avec un nouveau mus\u00e9e romain. Le plan est pr\u00eat, les pr\u00e9paratifs battent leur plein. Si le feu vert est donn\u00e9, l\u2019actuel Thermenmuseum fermera ses portes en 2024 et la construction du nouveau mus\u00e9e commencera ensuite. Le nouveau b\u00e2timent doit devenir un mus\u00e9e d\u2019allure nationale et d\u2019attractivit\u00e9 internationale. Beno\u00eet : \u00ab Nous voulons \u00eatre LE mus\u00e9e romain des Pays-Bas. Un mus\u00e9e qui pr\u00e9sente le pass\u00e9 romain entre la Meuse et le Rhin, entre Tongres et Cologne. \u00bb\r\n\r\nPorte d\u2019entr\u00e9e\r\nPour les habitants de la r\u00e9gion et les visiteurs, le nouveau mus\u00e9e sera la porte d\u2019acc\u00e8s au patrimoine romain. \u00ab Les histoires y convergent en un lieu central et sont approfondies dans la r\u00e9gion environnante \u00bb, explique Toos. \u00ab Par exemple par une promenade dans le paysage des villas \u00e0 Bocholtz, l\u2019\u0153uvre de la Dame de Voerendael, un d\u00eener romain \u00e0 la Villa de Proosdij ou une d\u00e9gustation de vin au ch\u00e2teau de Genoels-Elderen. \u00bb"},{"acf_fc_layout":"tekst_quote","tekst":"Coop\u00e9ration\r\nToos : \u00ab Que les gens viennent pour la belle nature, la gastronomie limbourgeoise ou l\u2019arch\u00e9ologie, nous faisons toujours de notre mieux pour ouvrir les portes du pass\u00e9 romain \u00e0 partir de tous ces int\u00e9r\u00eats. \u00bb La coop\u00e9ration entre la province du Limbourg et les communes s\u2019est r\u00e9v\u00e9l\u00e9e inestimable. \u00ab C\u2019est pr\u00e9cis\u00e9ment cela qui a permis de regarder au-del\u00e0 des fronti\u00e8res communales et nationales. Ici aussi, le tout d\u00e9passe la somme des parties. \u00bb\r\n\r\nFusion de cultures\r\nCe qui changera \u00e9galement dans le nouveau mus\u00e9e : une correction sera apport\u00e9e \u00e0 l\u2019\u00e9clairage unidimensionnel port\u00e9 sur les Romains. Beno\u00eet : \u00ab La p\u00e9riode romaine dans notre r\u00e9gion est une histoire m\u00eal\u00e9e. La culture qui existait d\u00e9j\u00e0 s\u2019est fondue avec la culture des Romains. Nous voulons montrer cette fusion. Comment nous allons le faire exactement, nous y travaillons. C\u2019est une passionnante exploration. \u00bb","quote":"\u2018L\u2019\u00e9ducation est le moyen de transmettre le patrimoine romain et son influence sur la soci\u00e9t\u00e9 actuelle.\u2019","naam":"Beno\u00eet Mater"},{"acf_fc_layout":"foto_tekst","foto":"","tekst":"\u00c9coliers et parents\r\nPour les ann\u00e9es \u00e0 venir, Toos et Beno\u00eet consid\u00e8rent \u00e9galement l\u2019\u00e9ducation comme une mission importante. \u00ab Nous pouvons encore faire un grand pas, non seulement vers les jeunes, mais aussi vers leurs parents \u00bb, estime Toos. \u00ab L\u2019\u00e9ducation que j\u2019ai en t\u00eate est destin\u00e9e \u00e0 tout le monde. Et elle ne se limite donc pas aux salles de classe. \u00bb Beno\u00eet : \u00ab Les \u00e9coliers et les \u00e9tudiants restent un groupe important, mais l\u2019\u00e9ducation est beaucoup plus large : c\u2019est le moyen de transmettre le patrimoine romain et son influence sur la soci\u00e9t\u00e9 contemporaine. \u00bb\r\n\r\nAu-del\u00e0 des fronti\u00e8res\r\nLes ambitions du Mus\u00e9e romain de regarder au-del\u00e0 des fronti\u00e8res s\u2019accordent tr\u00e8s bien, selon Toos, avec l\u2019avenir de Via Belgica apr\u00e8s son prochain d\u00e9part comme cheffe de projet. \u00ab Le patrimoine romain ne se laisse pas enfermer par des fronti\u00e8res nationales. Il est donc passionnant de regarder au-del\u00e0 de nos propres limites. Avec les itin\u00e9raires p\u00e9destres et cyclistes transfrontaliers, nous le faisons d\u00e9j\u00e0. Des panneaux indicateurs, des bancs et des panneaux d\u2019information permettent aux habitants et aux visiteurs de d\u00e9couvrir facilement le patrimoine romain. Le site web, l\u2019application et le guide Via Belgica \u2014 dont la quatri\u00e8me \u00e9dition est parue \u2014 montrent la voie. Et je pense que le nouveau Mus\u00e9e romain enrichira \u00e9norm\u00e9ment l\u2019offre existante. \u00bb"}]},"_links":{"self":[{"href":"https:\/\/www.viabelgica.nl\/fr\/wp-json\/wp\/v2\/posts\/16999","targetHints":{"allow":["GET"]}}],"collection":[{"href":"https:\/\/www.viabelgica.nl\/fr\/wp-json\/wp\/v2\/posts"}],"about":[{"href":"https:\/\/www.viabelgica.nl\/fr\/wp-json\/wp\/v2\/types\/post"}],"author":[{"embeddable":true,"href":"https:\/\/www.viabelgica.nl\/fr\/wp-json\/wp\/v2\/users\/10"}],"replies":[{"embeddable":true,"href":"https:\/\/www.viabelgica.nl\/fr\/wp-json\/wp\/v2\/comments?post=16999"}],"version-history":[{"count":2,"href":"https:\/\/www.viabelgica.nl\/fr\/wp-json\/wp\/v2\/posts\/16999\/revisions"}],"predecessor-version":[{"id":17004,"href":"https:\/\/www.viabelgica.nl\/fr\/wp-json\/wp\/v2\/posts\/16999\/revisions\/17004"}],"wp:attachment":[{"href":"https:\/\/www.viabelgica.nl\/fr\/wp-json\/wp\/v2\/media?parent=16999"}],"wp:term":[{"taxonomy":"category","embeddable":true,"href":"https:\/\/www.viabelgica.nl\/fr\/wp-json\/wp\/v2\/categories?post=16999"},{"taxonomy":"post_tag","embeddable":true,"href":"https:\/\/www.viabelgica.nl\/fr\/wp-json\/wp\/v2\/tags?post=16999"}],"curies":[{"name":"wp","href":"https:\/\/api.w.org\/{rel}","templated":true}]}}