
{"id":17012,"date":"2022-09-06T13:57:31","date_gmt":"2022-09-06T11:57:31","guid":{"rendered":"https:\/\/www.viabelgica.nl\/uitverkocht-huis-voor-romeins-parcours-toneel\/"},"modified":"2025-11-15T17:49:51","modified_gmt":"2025-11-15T15:49:51","slug":"uitverkocht-huis-voor-romeins-parcours-toneel","status":"publish","type":"post","link":"https:\/\/www.viabelgica.nl\/fr\/uitverkocht-huis-voor-romeins-parcours-toneel\/","title":{"rendered":"Salle comble pour le parcours-th\u00e9\u00e2tre romain"},"content":{"rendered":"","protected":false},"excerpt":{"rendered":"","protected":false},"author":1,"featured_media":0,"comment_status":"closed","ping_status":"closed","sticky":false,"template":"","format":"standard","meta":{"_acf_changed":false,"inline_featured_image":false,"footnotes":""},"categories":[],"tags":[],"class_list":["post-17012","post","type-post","status-publish","format-standard","hentry"],"acf":{"categorie":null,"afbeelding":9944,"auteur":"Harry Lindelauf","fotografie":"Henk","contentbuilder":[{"acf_fc_layout":"tekst","tekst":"\u00ab Nous flottons encore un peu. Il y a trois semaines, nous avions vendu 300 billets, et maintenant, avec 1 300 visiteurs, nous \u00e9tions plus que complets. C\u2019est fantastique. \u00bb\r\nMarc Hermans \u2014 qui forme avec Marc Charlier et Roger Lataster l\u2019\u00e9quipe cr\u00e9ative du \u00ab festival arch\u00e9o Sempervivetum \u00bb \u00e0 Bocholtz \u2014 peut regarder en arri\u00e8re sur un succ\u00e8s remarquable.\r\n\u00ab Pr\u00e9senter l\u2019histoire locale avec des informations solides et du divertissement, avec des acteurs sur site, \u00e9tait une premi\u00e8re europ\u00e9enne. Cela n\u2019est possible que gr\u00e2ce aux acteurs et actrices \u2014 ce sont de vrais ma\u00eetres. On remarquait aussi qu\u2019ils se sentaient r\u00e9ellement li\u00e9s au th\u00e8me. Ne pas \u00eatre sur une sc\u00e8ne mais dans la nature, travailler avec le texte et r\u00e9agir au public \u00e9tait aussi nouveau pour eux. Ils ont trouv\u00e9 que c\u2019\u00e9tait un vrai \u201cd\u00e9lice\u201d \u00bb, explique Marc Hermans.\r\n\r\nL\u2019\u00e9quipe compl\u00e8te du festival comptait 65 collaborateurs, dont 25 acteurs et actrices issus de neuf associations th\u00e9\u00e2trales de la r\u00e9gion. Gr\u00e2ce au succ\u00e8s de la premi\u00e8re \u00e9dition, l\u2019\u00e9quipe cr\u00e9ative du festival arch\u00e9o envisage une prochaine \u00e9dition en 2024 : \u00ab Nous esp\u00e9rions au pr\u00e9alable pouvoir le faire tous les quatre ans. Mais maintenant nous osons penser \u00e0 tous les deux ans. \u00bb"},{"acf_fc_layout":"slideshow","slideshow":[9959,9950,9953,9962]}]},"_links":{"self":[{"href":"https:\/\/www.viabelgica.nl\/fr\/wp-json\/wp\/v2\/posts\/17012","targetHints":{"allow":["GET"]}}],"collection":[{"href":"https:\/\/www.viabelgica.nl\/fr\/wp-json\/wp\/v2\/posts"}],"about":[{"href":"https:\/\/www.viabelgica.nl\/fr\/wp-json\/wp\/v2\/types\/post"}],"author":[{"embeddable":true,"href":"https:\/\/www.viabelgica.nl\/fr\/wp-json\/wp\/v2\/users\/1"}],"replies":[{"embeddable":true,"href":"https:\/\/www.viabelgica.nl\/fr\/wp-json\/wp\/v2\/comments?post=17012"}],"version-history":[{"count":1,"href":"https:\/\/www.viabelgica.nl\/fr\/wp-json\/wp\/v2\/posts\/17012\/revisions"}],"predecessor-version":[{"id":17014,"href":"https:\/\/www.viabelgica.nl\/fr\/wp-json\/wp\/v2\/posts\/17012\/revisions\/17014"}],"wp:attachment":[{"href":"https:\/\/www.viabelgica.nl\/fr\/wp-json\/wp\/v2\/media?parent=17012"}],"wp:term":[{"taxonomy":"category","embeddable":true,"href":"https:\/\/www.viabelgica.nl\/fr\/wp-json\/wp\/v2\/categories?post=17012"},{"taxonomy":"post_tag","embeddable":true,"href":"https:\/\/www.viabelgica.nl\/fr\/wp-json\/wp\/v2\/tags?post=17012"}],"curies":[{"name":"wp","href":"https:\/\/api.w.org\/{rel}","templated":true}]}}