
{"id":17032,"date":"2022-06-16T07:14:42","date_gmt":"2022-06-16T05:14:42","guid":{"rendered":"https:\/\/www.viabelgica.nl\/romeinse-vallei-bocholtz-onderdeel-archeo-park\/"},"modified":"2025-11-15T17:55:52","modified_gmt":"2025-11-15T15:55:52","slug":"romeinse-vallei-bocholtz-onderdeel-archeo-park","status":"publish","type":"post","link":"https:\/\/www.viabelgica.nl\/fr\/romeinse-vallei-bocholtz-onderdeel-archeo-park\/","title":{"rendered":"La vall\u00e9e romaine de Bocholtz int\u00e9gr\u00e9e \u00e0 un parc arch\u00e9ologique ?"},"content":{"rendered":"","protected":false},"excerpt":{"rendered":"","protected":false},"author":1,"featured_media":0,"comment_status":"closed","ping_status":"closed","sticky":false,"template":"","format":"standard","meta":{"_acf_changed":false,"inline_featured_image":false,"footnotes":""},"categories":[],"tags":[],"class_list":["post-17032","post","type-post","status-publish","format-standard","hentry"],"acf":{"categorie":34,"afbeelding":9917,"auteur":"Harry Lindelauf","fotografie":"Rijksmuseum van Oudheden","contentbuilder":[{"acf_fc_layout":"tekst","tekst":"<h3>La vall\u00e9e romaine de Bocholtz int\u00e9gr\u00e9e \u00e0 un parc arch\u00e9ologique ?<\/h3>\r\nUn groupe de travail va examiner la faisabilit\u00e9 d\u2019un parc arch\u00e9ologique \u00e0 Vlengendaal, \u00e0 la fronti\u00e8re entre Bocholtz et Orsbach (Allemagne). La structure internationale devrait \u00eatre comparable \u00e0 celle du parc d\u2019entreprises germano-n\u00e9erlandais Avantis. Le th\u00e8me retenu est l\u2019histoire pluris\u00e9culaire de la fronti\u00e8re dans cette r\u00e9gion, ainsi que l\u2019h\u00e9ritage romain sous la forme de quatre villae rusticae. Depuis le XIX\u1d49 si\u00e8cle, des vestiges de murs et de sols, un coffre cin\u00e9raire et un tr\u00e9sor de monnaies y ont \u00e9t\u00e9 mis au jour.\r\n\r\nL\u2019id\u00e9e du parc arch\u00e9ologique d\u00e9coule d\u2019une r\u00e9union d\u2019arch\u00e9ologues n\u00e9erlandais et allemands \u00e0 Bocholtz. Ils y ont discut\u00e9 les r\u00e9sultats d\u2019une \u00e9tude men\u00e9e par l\u2019entrepreneur culturel Marc Hermans. Mandat\u00e9 par la commune de Simpelveld et la province du Limbourg, il a examin\u00e9 s\u2019il serait possible de reconstruire une villa rustica romaine dans la zone de Vlengendaal. La conclusion de l\u2019\u00e9tude est courte et claire : non, ce n\u2019est pas r\u00e9alisable. Entre autres en raison des r\u00e8gles de protection des vestiges romains et du fait que les terrains sont priv\u00e9s.\r\n\r\nLa fronti\u00e8re est visible dans le paysage : par le trac\u00e9 sur\u00e9lev\u00e9 de l\u2019ancienne landwehr d\u2019Aix-la-Chapelle et par les vestiges des ouvrages d\u00e9fensifs du Westwall datant de la Seconde Guerre mondiale. La prochaine \u00e9tape des r\u00e9flexions consiste \u00e0 nommer les membres du groupe de travail, qui aura une composition germano-n\u00e9erlandaise.\r\n<h3>L\u00e9gende photo<\/h3>\r\nPhoto de la fouille de 1913 de la villa romaine de Vlengendaal. Une partie du sous-sol chauff\u00e9 est visible, avec des colonnes soutenant le sol carrel\u00e9. \u00c0 l\u2019arri\u00e8re-plan se trouve A. Scholten, l\u2019un des assistants lors de la fouille."}]},"_links":{"self":[{"href":"https:\/\/www.viabelgica.nl\/fr\/wp-json\/wp\/v2\/posts\/17032","targetHints":{"allow":["GET"]}}],"collection":[{"href":"https:\/\/www.viabelgica.nl\/fr\/wp-json\/wp\/v2\/posts"}],"about":[{"href":"https:\/\/www.viabelgica.nl\/fr\/wp-json\/wp\/v2\/types\/post"}],"author":[{"embeddable":true,"href":"https:\/\/www.viabelgica.nl\/fr\/wp-json\/wp\/v2\/users\/1"}],"replies":[{"embeddable":true,"href":"https:\/\/www.viabelgica.nl\/fr\/wp-json\/wp\/v2\/comments?post=17032"}],"version-history":[{"count":2,"href":"https:\/\/www.viabelgica.nl\/fr\/wp-json\/wp\/v2\/posts\/17032\/revisions"}],"predecessor-version":[{"id":17036,"href":"https:\/\/www.viabelgica.nl\/fr\/wp-json\/wp\/v2\/posts\/17032\/revisions\/17036"}],"acf:term":[{"embeddable":true,"taxonomy":"category","href":"https:\/\/www.viabelgica.nl\/fr\/wp-json\/wp\/v2\/categories\/34"}],"wp:attachment":[{"href":"https:\/\/www.viabelgica.nl\/fr\/wp-json\/wp\/v2\/media?parent=17032"}],"wp:term":[{"taxonomy":"category","embeddable":true,"href":"https:\/\/www.viabelgica.nl\/fr\/wp-json\/wp\/v2\/categories?post=17032"},{"taxonomy":"post_tag","embeddable":true,"href":"https:\/\/www.viabelgica.nl\/fr\/wp-json\/wp\/v2\/tags?post=17032"}],"curies":[{"name":"wp","href":"https:\/\/api.w.org\/{rel}","templated":true}]}}