
{"id":17043,"date":"2022-03-28T11:17:24","date_gmt":"2022-03-28T09:17:24","guid":{"rendered":"https:\/\/www.viabelgica.nl\/eerste-stadsmuur-maastricht-was-romeins\/"},"modified":"2025-11-15T18:05:20","modified_gmt":"2025-11-15T16:05:20","slug":"eerste-stadsmuur-maastricht-was-romeins","status":"publish","type":"post","link":"https:\/\/www.viabelgica.nl\/fr\/eerste-stadsmuur-maastricht-was-romeins\/","title":{"rendered":"La premi\u00e8re muraille de Maastricht \u00e9tait romaine"},"content":{"rendered":"","protected":false},"excerpt":{"rendered":"","protected":false},"author":1,"featured_media":0,"comment_status":"closed","ping_status":"closed","sticky":false,"template":"","format":"standard","meta":{"_acf_changed":false,"inline_featured_image":false,"footnotes":""},"categories":[],"tags":[],"class_list":["post-17043","post","type-post","status-publish","format-standard","hentry"],"acf":{"categorie":34,"afbeelding":9851,"auteur":"Harry Lindelauf","fotografie":"Rijksmuseum van Oudheden, Rijksdienst Cultureel Erfgoed, gemeente Maastricht","contentbuilder":[{"acf_fc_layout":"tekst","tekst":"<strong>En 333, les Romains commencent la construction d\u2019une muraille pour prot\u00e9ger leur pont sur la Meuse. On estime que la premi\u00e8re muraille de Maastricht mesurait quatre m\u00e8tres de haut, 530 m\u00e8tres de long et comportait dix tours et deux portes.<\/strong>"},{"acf_fc_layout":"tekst_foto","tekst":"<h3>Tout le monde parle d\u2019un castellum romain, et toi, tu arrives avec une muraille de ville ?<\/h3>\r\nOui, j\u2019ose. Les Romains ont construit une muraille autour d\u2019un terrain d\u2019environ 14 500 m\u00e8tres carr\u00e9s. Pour moi, cela ressemble davantage \u00e0 une muraille de ville qu\u2019\u00e0 un fort, pas pour toi ? La muraille prot\u00e9geait non pas un seul b\u00e2timent mais tout un complexe : le pont, un grand grenier, un b\u00e2timent avec deux absides au nord des thermes et d\u2019autres constructions. Et tout l\u2019espace int\u00e9rieur n\u2019\u00e9tait pas b\u00e2ti.\r\n\r\nD\u2019ailleurs : le pont \u00e9tait aussi prot\u00e9g\u00e9 du c\u00f4t\u00e9 de Wyck. Aucun vestige de cette fortification n\u2019a \u00e9t\u00e9 retrouv\u00e9 \u2014 ils ont disparu dans la Meuse \u2014 mais elle a bel et bien exist\u00e9. Il ne serait pas logique de d\u00e9fendre un pont sur une seule rive.","foto":9848},{"acf_fc_layout":"foto_tekst","foto":9839,"tekst":"<h3>\u00c0 quoi ressemblait cette muraille ?<\/h3>\r\nGr\u00e2ce aux recherches des arch\u00e9ologues Eric Wetzels et Gilbert Soeters, nous en avons une image assez pr\u00e9cise. La muraille \u00e9tait construite en gr\u00e8s houiller, apport\u00e9 sous forme de petites pierres depuis les Ardennes. Le tuffeau du bassin de la Meuse entrait \u00e9galement dans le mortier \u2014 les m\u00eames mat\u00e9riaux que pour la muraille de la ville \u00e9rig\u00e9e vers 1229. La construction romaine consistait en deux murs rapproch\u00e9s, l\u2019espace interm\u00e9diaire \u00e9tant rempli de mortier et de pierres. Tous les 50 m\u00e8tres se trouvait une tour ronde. Les deux portes, larges de 3,40 m\u00e8tres, \u00e9taient encadr\u00e9es de tours rectangulaires. Devant la muraille, les Romains ont creus\u00e9 un foss\u00e9 de neuf m\u00e8tres de large et quatre m\u00e8tres de profondeur."},{"acf_fc_layout":"tekst_foto","tekst":"<h3>Pourquoi construire une muraille ?<\/h3>\r\nConstantin le Grand met en place une nouvelle strat\u00e9gie de d\u00e9fense. Autrefois, le Rhin constituait une fronti\u00e8re bien gard\u00e9e. Mais les incursions des tribus germaniques montr\u00e8rent que l\u2019arri\u00e8re-pays \u00e9tait mal prot\u00e9g\u00e9 lorsque les troupes frontali\u00e8res ne suffisaient plus. Les Romains pass\u00e8rent \u00e0 une d\u00e9fense en profondeur. Des fortifications de pierre furent construites \u00e0 Cuijk, Nim\u00e8gue, Aix-la-Chapelle, Tongres et Maastricht. Heerlen poss\u00e9dait \u00e9galement une fortification, comme le prouvent des foss\u00e9s d\u00e9couverts pr\u00e8s du Thermenmuseum et de la place Tempsplein. Un r\u00e9seau de tours de guet fut \u00e9rig\u00e9 le long des principales routes. Les fondations sur le Goudsberg pr\u00e8s de Valkenburg-Walem, utilis\u00e9es \u00e0 la m\u00eame \u00e9poque, proviennent probablement d\u2019une telle tour. En cas de danger, de petites unit\u00e9s militaires intervenaient depuis ces fortifications.","foto":9842},{"acf_fc_layout":"foto_tekst","foto":9845,"tekst":"<h3>Une telle construction, cela a d\u00fb \u00eatre un travail colossal<\/h3>\r\nEn effet. Il s\u2019agissait de plus de 4 000 m\u00e8tres carr\u00e9s de muraille, dix tours de cinq m\u00e8tres de haut et de neuf m\u00e8tres de diam\u00e8tre, et deux tours flanquant les portes. Il a \u00e9t\u00e9 calcul\u00e9 que l\u2019excavation du foss\u00e9 a n\u00e9cessit\u00e9 le d\u00e9blaiement de 6 500 m\u00e8tres cubes de terre. La pierre de construction arrivait en grande partie par bateaux plats sur la Meuse depuis les Ardennes : une op\u00e9ration logistique gigantesque."},{"acf_fc_layout":"tekst_foto","tekst":"<h3>Et qui \u00e9tait l\u2019entrepreneur chanceux ?<\/h3>\r\nUn seul candidat possible : les troupes auxiliaires de l\u2019arm\u00e9e. Elles avaient les connaissances et la force n\u00e9cessaires pour mener \u00e0 bien ce projet. Heureux ? On peut en douter.","foto":9851},{"acf_fc_layout":"foto_tekst","foto":9854,"tekst":"<h3>Qu\u2019est devenue la muraille romaine ?<\/h3>\r\nAvec la chute de l\u2019Empire romain, les Francs arrivent. Peut-\u00eatre des dirigeants religieux tels que Lambert ou Servais y ont-ils r\u00e9sid\u00e9 \u2014 rien ne l\u2019atteste. Des sources mentionnent que les Vikings d\u00e9truisirent la muraille (ou le fort, ou le castellum) lors d\u2019un raid en 881. Fait remarquable : seuls deux grands blocs de pierre dans la tour droite de la basilique Notre-Dame proviennent de la muraille romaine. Tout ce qui \u00e9tait visible au-dessus du sol a disparu, et nul ne sait o\u00f9 ont fini les dizaines de milliers de pierres."},{"acf_fc_layout":"tekst_foto","tekst":"<h3>Tu dis \u201cau-dessus du sol\u201d \u2014 et en dessous ?<\/h3>\r\nC\u2019est une autre histoire. Des fouilles ont r\u00e9v\u00e9l\u00e9 des fondations sous l\u2019\u00e9glise, sous la chauss\u00e9e du Houtmaas et sous le caf\u00e9 Bonne Femme, place du Graanmarkt. Pour enqu\u00eater : sur le parking du Houtmaas, des plaques m\u00e9talliques rondes indiquent le contour d\u2019une tour. Et dans la cave de l\u2019h\u00f4tel Derlon, on peut encore voir un morceau du mur avec une partie de la porte ouest.","foto":9857},{"acf_fc_layout":"tekst","tekst":"<h3>L\u00e9gendes des photos<\/h3>\r\n[1]\u00a0 Fondation de la tour au Houtmaas.\r\n[2] Vestige de la muraille dans la cave-mus\u00e9e de l\u2019h\u00f4tel Derlon.\r\n[3] Maquette de la fortification romaine de Maastricht.\r\n[4] Vestiges de la fortification romaine int\u00e9gr\u00e9s dans la basilique Notre-Dame.\r\n[5]\u00a0 Maquette des fortifications romaines avec un ouvrage sur la rive de Wyck.\r\n[6] Reconstitution d\u2019une tour de guet romaine, comme celle du Goudsberg.\r\n[7] Plan de la fortification superpos\u00e9 au plan de rue actuel."}]},"_links":{"self":[{"href":"https:\/\/www.viabelgica.nl\/fr\/wp-json\/wp\/v2\/posts\/17043","targetHints":{"allow":["GET"]}}],"collection":[{"href":"https:\/\/www.viabelgica.nl\/fr\/wp-json\/wp\/v2\/posts"}],"about":[{"href":"https:\/\/www.viabelgica.nl\/fr\/wp-json\/wp\/v2\/types\/post"}],"author":[{"embeddable":true,"href":"https:\/\/www.viabelgica.nl\/fr\/wp-json\/wp\/v2\/users\/1"}],"replies":[{"embeddable":true,"href":"https:\/\/www.viabelgica.nl\/fr\/wp-json\/wp\/v2\/comments?post=17043"}],"version-history":[{"count":2,"href":"https:\/\/www.viabelgica.nl\/fr\/wp-json\/wp\/v2\/posts\/17043\/revisions"}],"predecessor-version":[{"id":17048,"href":"https:\/\/www.viabelgica.nl\/fr\/wp-json\/wp\/v2\/posts\/17043\/revisions\/17048"}],"acf:term":[{"embeddable":true,"taxonomy":"category","href":"https:\/\/www.viabelgica.nl\/fr\/wp-json\/wp\/v2\/categories\/34"}],"wp:attachment":[{"href":"https:\/\/www.viabelgica.nl\/fr\/wp-json\/wp\/v2\/media?parent=17043"}],"wp:term":[{"taxonomy":"category","embeddable":true,"href":"https:\/\/www.viabelgica.nl\/fr\/wp-json\/wp\/v2\/categories?post=17043"},{"taxonomy":"post_tag","embeddable":true,"href":"https:\/\/www.viabelgica.nl\/fr\/wp-json\/wp\/v2\/tags?post=17043"}],"curies":[{"name":"wp","href":"https:\/\/api.w.org\/{rel}","templated":true}]}}