
{"id":17078,"date":"2021-11-16T13:39:27","date_gmt":"2021-11-16T11:39:27","guid":{"rendered":"https:\/\/www.viabelgica.nl\/mijlpaal-houthem-weer-stukje-romeins-limburg-aan-oppervlakte-gebracht\/"},"modified":"2025-11-15T18:16:36","modified_gmt":"2025-11-15T16:16:36","slug":"mijlpaal-houthem-weer-stukje-romeins-limburg-aan-oppervlakte-gebracht","status":"publish","type":"post","link":"https:\/\/www.viabelgica.nl\/fr\/mijlpaal-houthem-weer-stukje-romeins-limburg-aan-oppervlakte-gebracht\/","title":{"rendered":"Nouveau tron\u00e7on unique de la Via Belgica inaugur\u00e9 \u00e0 Houthem"},"content":{"rendered":"","protected":false},"excerpt":{"rendered":"","protected":false},"author":1,"featured_media":0,"comment_status":"closed","ping_status":"closed","sticky":false,"template":"","format":"standard","meta":{"_acf_changed":false,"inline_featured_image":false,"footnotes":""},"categories":[],"tags":[],"class_list":["post-17078","post","type-post","status-publish","format-standard","hentry"],"acf":{"categorie":null,"afbeelding":9827,"auteur":"Harry Lindelauf","fotografie":"Harry Lindelauf","contentbuilder":[{"acf_fc_layout":"tekst","tekst":"<div class=\"article__intro\">\r\n\r\nLa c\u00e9l\u00e8bre Via Belgica a enfin retrouv\u00e9 un visage pour le visiteur moderne dans le sud du Limbourg gr\u00e2ce \u00e0 une nouvelle surface routi\u00e8re jaune de dix m\u00e8tres de long et huit m\u00e8tres de large. En face du ch\u00e2teau Sint Gerlach \u00e0 Valkenburg-Houthem, cette r\u00e9plique de la route peut d\u00e9sormais \u00eatre admir\u00e9e, avec ses orni\u00e8res et une borne milliaire romaine de taille humaine.\r\n\r\nLe nouveau tron\u00e7on de la Via Belgica se trouve \u00e0 quelques centaines de m\u00e8tres des sites situ\u00e9s le long de la rue Sint Gerlach et du Putweg, o\u00f9 l\u2019ancienne Via Belgica a \u00e9t\u00e9 mise en \u00e9vidence. Depuis 2017, la soci\u00e9t\u00e9 historique locale Houthem\u2013Sint Gerlach travaille \u00e0 rendre la route romaine visible.\r\n\r\nLe pr\u00e9sident Jos Lodewick de la soci\u00e9t\u00e9 historique, l\u2019ancien d\u00e9put\u00e9 provincial Burlet, l\u2019arch\u00e9ologue Karen Jeneson, Camille Oostwegel sr. et plusieurs sponsors ont rendu ce projet possible.\r\n\r\nLe fr\u00e8re Leo Disch de l\u2019abbaye Sint Benedictusberg \u00e0 Mamelis a grav\u00e9 les inscriptions dans la colonne en calcaire fran\u00e7ais. Christian Kicken a fourni les textes, garantissant ainsi l\u2019exactitude historique de l\u2019ensemble.\r\n<p class=\"HoofdtekstA\"><\/p>\r\n\r\n<\/div>\r\n&nbsp;"}]},"_links":{"self":[{"href":"https:\/\/www.viabelgica.nl\/fr\/wp-json\/wp\/v2\/posts\/17078","targetHints":{"allow":["GET"]}}],"collection":[{"href":"https:\/\/www.viabelgica.nl\/fr\/wp-json\/wp\/v2\/posts"}],"about":[{"href":"https:\/\/www.viabelgica.nl\/fr\/wp-json\/wp\/v2\/types\/post"}],"author":[{"embeddable":true,"href":"https:\/\/www.viabelgica.nl\/fr\/wp-json\/wp\/v2\/users\/1"}],"replies":[{"embeddable":true,"href":"https:\/\/www.viabelgica.nl\/fr\/wp-json\/wp\/v2\/comments?post=17078"}],"version-history":[{"count":1,"href":"https:\/\/www.viabelgica.nl\/fr\/wp-json\/wp\/v2\/posts\/17078\/revisions"}],"predecessor-version":[{"id":17081,"href":"https:\/\/www.viabelgica.nl\/fr\/wp-json\/wp\/v2\/posts\/17078\/revisions\/17081"}],"wp:attachment":[{"href":"https:\/\/www.viabelgica.nl\/fr\/wp-json\/wp\/v2\/media?parent=17078"}],"wp:term":[{"taxonomy":"category","embeddable":true,"href":"https:\/\/www.viabelgica.nl\/fr\/wp-json\/wp\/v2\/categories?post=17078"},{"taxonomy":"post_tag","embeddable":true,"href":"https:\/\/www.viabelgica.nl\/fr\/wp-json\/wp\/v2\/tags?post=17078"}],"curies":[{"name":"wp","href":"https:\/\/api.w.org\/{rel}","templated":true}]}}