
{"id":17111,"date":"2021-06-25T12:00:42","date_gmt":"2021-06-25T10:00:42","guid":{"rendered":"https:\/\/www.viabelgica.nl\/tempsplein-is-romeinse-hotspot\/"},"modified":"2025-11-15T18:34:10","modified_gmt":"2025-11-15T16:34:10","slug":"tempsplein-is-romeinse-hotspot","status":"publish","type":"post","link":"https:\/\/www.viabelgica.nl\/fr\/tempsplein-is-romeinse-hotspot\/","title":{"rendered":"Le Tempsplein est un hotspot romain"},"content":{"rendered":"","protected":false},"excerpt":{"rendered":"","protected":false},"author":1,"featured_media":0,"comment_status":"closed","ping_status":"closed","sticky":false,"template":"","format":"standard","meta":{"_acf_changed":false,"inline_featured_image":false,"footnotes":""},"categories":[],"tags":[],"class_list":["post-17111","post","type-post","status-publish","format-standard","hentry"],"acf":{"categorie":34,"afbeelding":9266,"auteur":"Harry Lindelauf","fotografie":"Gemeente Heerlen, Hilde Vanneste","contentbuilder":[{"acf_fc_layout":"tekst_quote","tekst":"Voici les trouvailles Via Belgica pr\u00e9f\u00e9r\u00e9es des experts. D\u00e9couvrez ce que r\u00e9pondent les arch\u00e9ologues \u00e0 notre question : quelle est votre d\u00e9couverte romaine pr\u00e9f\u00e9r\u00e9e le long de la Via Belgica dans le sud du Limbourg ? Les r\u00e9ponses sont vari\u00e9es et surprenantes. D'une jambe de Diane en bronze \u00e0 des coffres cin\u00e9raires spectaculaires en gr\u00e8s. Dans dix \u00e9pisodes, nous pr\u00e9sentons le choix des experts. Dans le dernier \u00e9pisode :","quote":"Hilde Vanneste","naam":"Regioarcheoloog Parkstad"},{"acf_fc_layout":"tekst","tekst":"\u00ab Je n\u2019ai pas une seule d\u00e9couverte majeure. Beaucoup de trouvailles importantes ont \u00e9t\u00e9 faites, mais tr\u00e8s particuli\u00e8res sont les vestiges arch\u00e9ologiques du Tempsplein \u00e0 Heerlen. Gr\u00e2ce \u00e0 eux, nous savons maintenant avec certitude que Heerlen ne provient pas d\u2019un habitat indig\u00e8ne, mais qu\u2019elle a \u00e9t\u00e9 fond\u00e9e par les Romains. \u00bb"},{"acf_fc_layout":"tekst_foto","tekst":"En tant qu\u2019arch\u00e9ologue r\u00e9gionale de Parkstad, Hilde Vanneste lit les relations entre les d\u00e9couvertes et les significations qu\u2019elles ont pour \u2013 entre autres \u2013 compl\u00e9ter l\u2019image romaine de Coriovallum.\r\n\r\nLe Tempsplein, situ\u00e9 en hauteur, est le c\u0153ur du vicus Coriovallum. La raison de cette fondation r\u00e9side dans le croisement de la Via Belgica (orient\u00e9e est-ouest) et de la route romaine de Tr\u00e8ves \u00e0 Xanten (nord-sud). Un tel carrefour vaut la peine d\u2019\u00eatre d\u00e9fendu, et plusieurs trouvailles indiquent le caract\u00e8re militaire de Coriovallum.\r\n\r\nHilde : \u00ab L\u2019acc\u00e8s au fort est une d\u00e9couverte unique aux Pays-Bas. \u00bb\r\nLe foss\u00e9 en V est clairement visible gr\u00e2ce \u00e0 la couleur sombre du remplissage.","foto":9269},{"acf_fc_layout":"foto_tekst","foto":9272,"tekst":"Fortification\r\n\r\nAutour du IIIe si\u00e8cle, Coriovallum est rendu d\u00e9fendable. Il y a une fortification \u2013 on peut aussi l\u2019appeler un fort \u2013 avec un foss\u00e9 en V qui a \u00e9t\u00e9 retrouv\u00e9 \u00e0 plusieurs endroits autour des thermes et au centre du Tempsplein. Les ouvrages d\u00e9fensifs se composent en outre d\u2019un rempart de terre sur lequel une palissade ou un mur a \u00e9t\u00e9 plac\u00e9. En 2016, des travaux sur les \u00e9gouts modernes ont livr\u00e9 une d\u00e9couverte unique aux Pays-Bas : il s\u2019agit d\u2019une \u00ab clavicula \u00bb, une entr\u00e9e prot\u00e9g\u00e9e vers la fortification. Lors de la fouille, le profil du foss\u00e9 en V s\u2019est pr\u00e9sent\u00e9 tr\u00e8s clairement aux chercheurs gr\u00e2ce au remplissage de terre sombre. Dans ce remplissage, on a trouv\u00e9 des restes de harnais de cheval et une plaque de serrure en bronze. De grands morceaux de scories de forge ont \u00e9galement \u00e9t\u00e9 d\u00e9couverts. Cette d\u00e9couverte indique un travail professionnel du fer, peut-\u00eatre pour la production d\u2019armes et d\u2019autre mat\u00e9riel pour l\u2019arm\u00e9e.\r\n\r\nPhoto : Gerard Tichelman de RAAP aupr\u00e8s d\u2019un des fragments monumentaux d\u00e9couverts sous le Tempsplein."},{"acf_fc_layout":"tekst_foto","tekst":"Grenier ou temple\r\n\r\nLe foss\u00e9 en V du Tempsplein appartient au foss\u00e9 en V d\u00e9couvert un peu plus loin, \u00e0 c\u00f4t\u00e9 du Thermenmuseum. Une reconstruction moderne montre la profondeur et la pente raide des parois. En r\u00e9alit\u00e9, le foss\u00e9 est plus profond et plus large. Les ouvrages d\u00e9fensifs prot\u00e8gent des maisons, des baraquements militaires, de nombreux fours de potiers et les c\u00e9l\u00e8bres thermes de Coriovallum. Plusieurs mat\u00e9riaux de construction monumentaux et fondations d\u00e9couverts appartiennent \u00e0 un b\u00e2timent d\u2019une certaine importance, peut-\u00eatre un grand grenier ou un temple du IIe ou IIIe si\u00e8cle.\r\n\r\nPhoto : Ville de Heerlen \u2013 Vue d\u2019ensemble des endroits o\u00f9 le foss\u00e9 en V a \u00e9t\u00e9 mis en \u00e9vidence.","foto":9275}]},"_links":{"self":[{"href":"https:\/\/www.viabelgica.nl\/fr\/wp-json\/wp\/v2\/posts\/17111","targetHints":{"allow":["GET"]}}],"collection":[{"href":"https:\/\/www.viabelgica.nl\/fr\/wp-json\/wp\/v2\/posts"}],"about":[{"href":"https:\/\/www.viabelgica.nl\/fr\/wp-json\/wp\/v2\/types\/post"}],"author":[{"embeddable":true,"href":"https:\/\/www.viabelgica.nl\/fr\/wp-json\/wp\/v2\/users\/1"}],"replies":[{"embeddable":true,"href":"https:\/\/www.viabelgica.nl\/fr\/wp-json\/wp\/v2\/comments?post=17111"}],"version-history":[{"count":2,"href":"https:\/\/www.viabelgica.nl\/fr\/wp-json\/wp\/v2\/posts\/17111\/revisions"}],"predecessor-version":[{"id":17116,"href":"https:\/\/www.viabelgica.nl\/fr\/wp-json\/wp\/v2\/posts\/17111\/revisions\/17116"}],"acf:term":[{"embeddable":true,"taxonomy":"category","href":"https:\/\/www.viabelgica.nl\/fr\/wp-json\/wp\/v2\/categories\/34"}],"wp:attachment":[{"href":"https:\/\/www.viabelgica.nl\/fr\/wp-json\/wp\/v2\/media?parent=17111"}],"wp:term":[{"taxonomy":"category","embeddable":true,"href":"https:\/\/www.viabelgica.nl\/fr\/wp-json\/wp\/v2\/categories?post=17111"},{"taxonomy":"post_tag","embeddable":true,"href":"https:\/\/www.viabelgica.nl\/fr\/wp-json\/wp\/v2\/tags?post=17111"}],"curies":[{"name":"wp","href":"https:\/\/api.w.org\/{rel}","templated":true}]}}