
{"id":17220,"date":"2021-05-18T12:00:07","date_gmt":"2021-05-18T10:00:07","guid":{"rendered":"https:\/\/www.viabelgica.nl\/belgica-voerendaal-hoofdrol\/"},"modified":"2025-11-16T20:53:30","modified_gmt":"2025-11-16T18:53:30","slug":"belgica-voerendaal-hoofdrol","status":"publish","type":"post","link":"https:\/\/www.viabelgica.nl\/fr\/belgica-voerendaal-hoofdrol\/","title":{"rendered":"La Via Belgica \u00e0 Voerendaal en r\u00f4le principal"},"content":{"rendered":"","protected":false},"excerpt":{"rendered":"","protected":false},"author":1,"featured_media":0,"comment_status":"closed","ping_status":"closed","sticky":false,"template":"","format":"standard","meta":{"_acf_changed":false,"inline_featured_image":false,"footnotes":""},"categories":[],"tags":[],"class_list":["post-17220","post","type-post","status-publish","format-standard","hentry"],"acf":{"categorie":34,"afbeelding":9227,"auteur":"Harry Lindelauf","fotografie":"Commune de Voerendaal","contentbuilder":[{"acf_fc_layout":"tekst_quote","tekst":"Voici les trouvailles pr\u00e9f\u00e9r\u00e9es de la Via Belgica selon les experts. D\u00e9couvrez ce que les arch\u00e9ologues r\u00e9pondent \u00e0 notre question : quelle est votre d\u00e9couverte romaine pr\u00e9f\u00e9r\u00e9e le long de la Via Belgica dans le sud du Limbourg ? Les r\u00e9ponses sont vari\u00e9es et surprenantes. D\u2019une jambe de Diane en bronze \u00e0 de spectaculaires coffres fun\u00e9raires en gr\u00e8s. En dix \u00e9pisodes, nous pr\u00e9sentons le choix des experts. Dans le cinqui\u00e8me \u00e9pisode :\r\n\r\n&nbsp;","quote":"Bart Moonen","naam":"Charg\u00e9 de mission en arch\u00e9ologie"},{"acf_fc_layout":"tekst","tekst":"Bart Moonen, charg\u00e9 de mission en arch\u00e9ologie de la province du Limbourg : \u00ab La d\u00e9couverte la plus importante pour moi est celle des vestiges de la Via Belgica en 2001 sur le parc d\u2019activit\u00e9s Lindelaufer Gewande \u00e0 Voerendaal. \u00bb Les vestiges de la route \u00e9taient surtout connus dans les villes. Gr\u00e2ce \u00e0 cette d\u00e9couverte, selon lui, un lien se cr\u00e9e entre les villes de Heerlen et Maastricht et leur environnement rural. \u00ab La d\u00e9couverte des vestiges de la Via Belgica a ouvert la voie \u00e0 l\u2019appropriation et \u00e0 la mise en valeur du pass\u00e9 romain commun \u00bb, estime Bart Moonen."},{"acf_fc_layout":"tekst_witruimte","tekst":"<h3>Point d\u2019ancrage important<\/h3>\r\nLe trac\u00e9 de la Via Belgica est clairement identifiable \u00e0 Voerendaal sur plusieurs centaines de m\u00e8tres gr\u00e2ce \u00e0 une couche de sable et de gravier large de 8 m\u00e8tres. Cette couche se trouve sous les b\u00e2timents du parc d\u2019activit\u00e9s Lindelaufer Gewande. \u00c0 courte distance, la Via Belgica a \u00e9galement \u00e9t\u00e9 attest\u00e9e \u00e0 Voerendaal \u00e0 l\u2019Oude Midweg et sous la Bergerweg.\r\n\r\nBart Moonen a particip\u00e9 en 2003 \u00e0 la recherche arch\u00e9ologique sur la Via Belgica : \u00ab En tant que jeune arch\u00e9ologue inexp\u00e9riment\u00e9 et passionn\u00e9 par le Heuvelland, ce fut une p\u00e9riode fantastique. Avec, pour l\u2019\u00e9poque, une application SIG moderne sur un PC portable de terrain, nous parcourions ce paysage \u201cromain\u201d \u00e0 la recherche de vestiges de la Via Belgica. Les vestiges \u00e0 Lindelaufer Gewande ont \u00e9t\u00e9 un point d\u2019ancrage important dans cette recherche. \u00bb\r\n\r\nApr\u00e8s la fouille, plusieurs dizaines de m\u00e8tres de la Via Belgica restent cach\u00e9s sous la zone d\u2019activit\u00e9s."}]},"_links":{"self":[{"href":"https:\/\/www.viabelgica.nl\/fr\/wp-json\/wp\/v2\/posts\/17220","targetHints":{"allow":["GET"]}}],"collection":[{"href":"https:\/\/www.viabelgica.nl\/fr\/wp-json\/wp\/v2\/posts"}],"about":[{"href":"https:\/\/www.viabelgica.nl\/fr\/wp-json\/wp\/v2\/types\/post"}],"author":[{"embeddable":true,"href":"https:\/\/www.viabelgica.nl\/fr\/wp-json\/wp\/v2\/users\/1"}],"replies":[{"embeddable":true,"href":"https:\/\/www.viabelgica.nl\/fr\/wp-json\/wp\/v2\/comments?post=17220"}],"version-history":[{"count":2,"href":"https:\/\/www.viabelgica.nl\/fr\/wp-json\/wp\/v2\/posts\/17220\/revisions"}],"predecessor-version":[{"id":17225,"href":"https:\/\/www.viabelgica.nl\/fr\/wp-json\/wp\/v2\/posts\/17220\/revisions\/17225"}],"acf:term":[{"embeddable":true,"taxonomy":"category","href":"https:\/\/www.viabelgica.nl\/fr\/wp-json\/wp\/v2\/categories\/34"}],"wp:attachment":[{"href":"https:\/\/www.viabelgica.nl\/fr\/wp-json\/wp\/v2\/media?parent=17220"}],"wp:term":[{"taxonomy":"category","embeddable":true,"href":"https:\/\/www.viabelgica.nl\/fr\/wp-json\/wp\/v2\/categories?post=17220"},{"taxonomy":"post_tag","embeddable":true,"href":"https:\/\/www.viabelgica.nl\/fr\/wp-json\/wp\/v2\/tags?post=17220"}],"curies":[{"name":"wp","href":"https:\/\/api.w.org\/{rel}","templated":true}]}}