
{"id":17246,"date":"2021-05-04T12:00:54","date_gmt":"2021-05-04T10:00:54","guid":{"rendered":"https:\/\/www.viabelgica.nl\/askist-en-portret-ubisch-echtpaar\/"},"modified":"2025-11-16T21:05:11","modified_gmt":"2025-11-16T19:05:11","slug":"askist-en-portret-ubisch-echtpaar","status":"publish","type":"post","link":"https:\/\/www.viabelgica.nl\/fr\/askist-en-portret-ubisch-echtpaar\/","title":{"rendered":"Urnes cin\u00e9raires et portrait d\u2019un couple ubien"},"content":{"rendered":"","protected":false},"excerpt":{"rendered":"","protected":false},"author":1,"featured_media":0,"comment_status":"closed","ping_status":"closed","sticky":false,"template":"","format":"standard","meta":{"_acf_changed":false,"inline_featured_image":false,"footnotes":""},"categories":[],"tags":[],"class_list":["post-17246","post","type-post","status-publish","format-standard","hentry"],"acf":{"categorie":34,"afbeelding":9218,"auteur":"Harry Lindelauf","fotografie":"Mus\u00e9e National des Antiquit\u00e9s","contentbuilder":[{"acf_fc_layout":"tekst_quote","tekst":"Voici les d\u00e9couvertes pr\u00e9f\u00e9r\u00e9es de la Via Belgica selon les experts. D\u00e9couvrez ce que r\u00e9pondent les arch\u00e9ologues \u00e0 la question : Quelle est votre d\u00e9couverte romaine pr\u00e9f\u00e9r\u00e9e le long de la Via Belgica en Limbourg m\u00e9ridional ? Les r\u00e9ponses sont vari\u00e9es et surprenantes. D\u2019une jambe en bronze de Diane jusqu\u2019\u00e0 des urnes cin\u00e9raires spectaculaires en gr\u00e8s. En dix \u00e9pisodes, nous pr\u00e9sentons les choix des experts. Dans le troisi\u00e8me \u00e9pisode :\r\n\r\n&nbsp;","quote":"Karen Jeneson","naam":"conservatrice du Mus\u00e9e des Thermes \u00e0 Heerlen"},{"acf_fc_layout":"tekst","tekst":"<h3>\u00ab Mat\u00e9riel incroyablement beau. \u00bb<\/h3>\r\nTrois mots suffisent \u00e0 Karen Jeneson, conservatrice du Mus\u00e9e des Thermes \u00e0 Heerlen, pour d\u00e9crire sa d\u00e9couverte pr\u00e9f\u00e9r\u00e9e. Elle fait r\u00e9f\u00e9rence \u00e0 deux urnes cin\u00e9raires d\u2019un couple, accompagn\u00e9es de riches objets fun\u00e9raires, ainsi qu\u2019au monument fun\u00e9raire qui appartient probablement \u00e0 deux de ces urnes, et enfin \u00e0 une statue-portrait en gr\u00e8s repr\u00e9sentant le couple.\r\nLes urnes ont \u00e9t\u00e9 d\u00e9couvertes par hasard en 1920 par l\u2019arch\u00e9ologue municipal de l\u2019\u00e9poque, Piet Peters, qui en a \u00e9galement \u00e9crit un rapport. Les Romains avaient l\u2019habitude de placer leurs tombes et monuments fun\u00e9raires le long des routes sortant de leurs agglom\u00e9rations. Dans ce cas-ci, le long de la Via Belgica \u00e0 l\u2019est de Heerlen. Les morts y \u00e9taient incin\u00e9r\u00e9s, ce qui explique que cela se faisait hors des zones habit\u00e9es. Dans des cas particuliers, les tombes \u00e9taient marqu\u00e9es de piliers en pierre portant des inscriptions ou m\u00eame des repr\u00e9sentations.\u00ab Les Romains r\u00e9alisaient ces monuments fun\u00e9raires avec des portraits afin que tous les voyageurs puissent voir les d\u00e9funts. Les Romains croyaient qu\u2019ainsi, les morts restaient vivants. \u00bb\r\n\r\nL\u2019image du couple ubien faisait partie d\u2019un monument fun\u00e9raire."},{"acf_fc_layout":"tekst_foto","tekst":"La coiffure typique de style matrone et les v\u00eatements de la femme repr\u00e9sent\u00e9e montrent, selon Karen Jeneson, qu\u2019il s\u2019agit de membres d\u2019une tribu germanique, probablement les Baetasii ou les Ubiens. Apr\u00e8s que C\u00e9sar eut extermin\u00e9 les \u00c9burons locaux pour leur r\u00e9sistance contre la domination romaine, l\u2019empereur Auguste fit venir plusieurs tribus germaniques fid\u00e8les \u00e0 Rome depuis la rive orientale du Rhin vers la zone situ\u00e9e entre Meuse et Rhin.\r\n\r\nPour le couple ubien, ce d\u00e9placement fut une r\u00e9ussite :\r\n\u00ab On voit ici de nouveaux arrivants qui conservent leur origine germanique tout en s\u2019int\u00e9grant dans un environnement administr\u00e9 par les Romains. Ce couple est devenu extraordinairement riche lorsqu\u2019on observe la mani\u00e8re dont ils ont \u00e9t\u00e9 enterr\u00e9s. \u00bb\r\n\r\nLisez \u00e9galement pourquoi Jasper de Bruijn a choisi cette d\u00e9couverte.\r\n\r\nL\u2019arch\u00e9ologue municipal Piet Peters (\u00e0 gauche) supervisa l\u2019excavation des urnes en 1920.","foto":9215}]},"_links":{"self":[{"href":"https:\/\/www.viabelgica.nl\/fr\/wp-json\/wp\/v2\/posts\/17246","targetHints":{"allow":["GET"]}}],"collection":[{"href":"https:\/\/www.viabelgica.nl\/fr\/wp-json\/wp\/v2\/posts"}],"about":[{"href":"https:\/\/www.viabelgica.nl\/fr\/wp-json\/wp\/v2\/types\/post"}],"author":[{"embeddable":true,"href":"https:\/\/www.viabelgica.nl\/fr\/wp-json\/wp\/v2\/users\/1"}],"replies":[{"embeddable":true,"href":"https:\/\/www.viabelgica.nl\/fr\/wp-json\/wp\/v2\/comments?post=17246"}],"version-history":[{"count":2,"href":"https:\/\/www.viabelgica.nl\/fr\/wp-json\/wp\/v2\/posts\/17246\/revisions"}],"predecessor-version":[{"id":17251,"href":"https:\/\/www.viabelgica.nl\/fr\/wp-json\/wp\/v2\/posts\/17246\/revisions\/17251"}],"acf:term":[{"embeddable":true,"taxonomy":"category","href":"https:\/\/www.viabelgica.nl\/fr\/wp-json\/wp\/v2\/categories\/34"}],"wp:attachment":[{"href":"https:\/\/www.viabelgica.nl\/fr\/wp-json\/wp\/v2\/media?parent=17246"}],"wp:term":[{"taxonomy":"category","embeddable":true,"href":"https:\/\/www.viabelgica.nl\/fr\/wp-json\/wp\/v2\/categories?post=17246"},{"taxonomy":"post_tag","embeddable":true,"href":"https:\/\/www.viabelgica.nl\/fr\/wp-json\/wp\/v2\/tags?post=17246"}],"curies":[{"name":"wp","href":"https:\/\/api.w.org\/{rel}","templated":true}]}}