
{"id":17271,"date":"2021-04-20T12:00:59","date_gmt":"2021-04-20T10:00:59","guid":{"rendered":"https:\/\/www.viabelgica.nl\/eburonen-schat-amby\/"},"modified":"2025-11-16T21:16:25","modified_gmt":"2025-11-16T19:16:25","slug":"eburonen-schat-amby","status":"publish","type":"post","link":"https:\/\/www.viabelgica.nl\/fr\/eburonen-schat-amby\/","title":{"rendered":"Le tr\u00e9sor des \u00c9burons d\u2019Amby"},"content":{"rendered":"","protected":false},"excerpt":{"rendered":"","protected":false},"author":1,"featured_media":0,"comment_status":"closed","ping_status":"closed","sticky":false,"template":"","format":"standard","meta":{"_acf_changed":false,"inline_featured_image":false,"footnotes":""},"categories":[],"tags":[],"class_list":["post-17271","post","type-post","status-publish","format-standard","hentry"],"acf":{"categorie":34,"afbeelding":9191,"auteur":"Harry Lindelauf","fotografie":"VU Amsterdam","contentbuilder":[{"acf_fc_layout":"tekst_quote","tekst":"Voici les d\u00e9couvertes pr\u00e9f\u00e9r\u00e9es le long de la Via Belgica selon les experts.\r\nD\u00e9couvrez ce que r\u00e9pondent les arch\u00e9ologues \u00e0 la question : Quelle est votre d\u00e9couverte romaine pr\u00e9f\u00e9r\u00e9e le long de la Via Belgica dans le sud du Limbourg ? Les r\u00e9ponses sont vari\u00e9es et surprenantes. D\u2019une jambe de Diane en bronze jusqu\u2019\u00e0 des coffres cin\u00e9raires spectaculaires en gr\u00e8s. Nous pr\u00e9sentons en dix \u00e9pisodes les choix des experts. Dans le premier \u00e9pisode :","quote":"Nico Roymans","naam":"Professeur d\u2019Arch\u00e9ologie de l\u2019Europe du Nord-Ouest \u00e0 la Vrije Universiteit Amsterdam"},{"acf_fc_layout":"tekst","tekst":"\u00ab Ma d\u00e9couverte la plus importante du sud du Limbourg date de l\u2019\u00e9poque de la conqu\u00eate par C\u00e9sar. Il s\u2019agit du tr\u00e9sor d\u2019Amby, pr\u00e8s de Maastricht. C\u2019est un document unique qui se rapporte directement \u00e0 la conqu\u00eate romaine. Pour moi, il s\u2019agit clairement d\u2019une d\u00e9couverte d\u2019importance internationale. \u00bb Nico Roymans est professeur d\u2019Arch\u00e9ologie de l\u2019Europe du Nord-Ouest \u00e0 la Vrije Universiteit Amsterdam et \u00e9tudie les relations entre soci\u00e9t\u00e9s celto-germaniques et romaines.\r\n\r\n&nbsp;"},{"acf_fc_layout":"tekst_foto","tekst":"<h3>\u00c9cuelles arc-en-ciel<\/h3>\r\nLe tr\u00e9sor qu\u2019il estime tant se compose de 39 pi\u00e8ces d\u2019or attribu\u00e9es aux \u00c9burons et de 70 pi\u00e8ces d\u2019argent (\u00ab \u00e9cuelles arc-en-ciel \u00bb), probablement \u00e9galement frapp\u00e9es par les \u00c9burons. Les pi\u00e8ces ont peut-\u00eatre \u00e9t\u00e9 produites \u00e0 Berg, pr\u00e8s de Tongres, ou \u00e0 Maastricht. Les pi\u00e8ces ont \u00e9t\u00e9 enterr\u00e9es \u00e0 l\u2019\u00e9poque o\u00f9 Jules C\u00e9sar, depuis la Gaule, menait une conqu\u00eate sanglante des Pays-Bas. Des tr\u00e9sors similaires ont \u00e9t\u00e9 d\u00e9couverts en plusieurs endroits le long de la Sambre (France et Belgique) ainsi qu\u2019en province de Limbourg belge.\r\n\r\nAu total, 107 pi\u00e8ces ont \u00e9t\u00e9 trouv\u00e9es \u00e0 Amby.","foto":9200},{"acf_fc_layout":"foto_tekst","foto":9203,"tekst":"<h3>D\u00e9tecteur de m\u00e9taux<\/h3>\r\nLe tr\u00e9sor d\u2019Amby a \u00e9t\u00e9 enterr\u00e9 entre 60 et 50 av. J.-C., presque certainement pour cacher les objets de valeur aux Romains. Sous la direction de Jules C\u00e9sar, ceux-ci \u00e9taient en train de conqu\u00e9rir la Gaule et les Pays-Bas. Les \u00c9burons de cette r\u00e9gion, avec d\u2019autres tribus, se sont oppos\u00e9s \u00e0 l\u2019invasion romaine mais ont perdu la lutte. C\u00e9sar s\u2019est lui-m\u00eame vant\u00e9 d\u2019avoir extermin\u00e9 les \u00c9burons en repr\u00e9sailles pour leur r\u00e9sistance.\r\n\r\nLe tr\u00e9sor mon\u00e9taire a \u00e9t\u00e9 d\u00e9couvert en 2008 par un habitant d\u2019Amby qui fouillait un champ de ma\u00efs \u00e0 l\u2019angle de la Bodemsweg et de la Molenweg \u00e0 l\u2019aide d\u2019un d\u00e9tecteur de m\u00e9taux. Les pi\u00e8ces avaient \u00e9t\u00e9 enterr\u00e9es dans un sac en cuir ou en tissu \u00e0 une profondeur d\u2019environ 65 centim\u00e8tres.\r\nPhotos : VU Amsterdam\r\n\r\nLe nom de la monnaie Pottina sugg\u00e8re \u00e0 tort une origine romaine."}]},"_links":{"self":[{"href":"https:\/\/www.viabelgica.nl\/fr\/wp-json\/wp\/v2\/posts\/17271","targetHints":{"allow":["GET"]}}],"collection":[{"href":"https:\/\/www.viabelgica.nl\/fr\/wp-json\/wp\/v2\/posts"}],"about":[{"href":"https:\/\/www.viabelgica.nl\/fr\/wp-json\/wp\/v2\/types\/post"}],"author":[{"embeddable":true,"href":"https:\/\/www.viabelgica.nl\/fr\/wp-json\/wp\/v2\/users\/1"}],"replies":[{"embeddable":true,"href":"https:\/\/www.viabelgica.nl\/fr\/wp-json\/wp\/v2\/comments?post=17271"}],"version-history":[{"count":2,"href":"https:\/\/www.viabelgica.nl\/fr\/wp-json\/wp\/v2\/posts\/17271\/revisions"}],"predecessor-version":[{"id":17276,"href":"https:\/\/www.viabelgica.nl\/fr\/wp-json\/wp\/v2\/posts\/17271\/revisions\/17276"}],"acf:term":[{"embeddable":true,"taxonomy":"category","href":"https:\/\/www.viabelgica.nl\/fr\/wp-json\/wp\/v2\/categories\/34"}],"wp:attachment":[{"href":"https:\/\/www.viabelgica.nl\/fr\/wp-json\/wp\/v2\/media?parent=17271"}],"wp:term":[{"taxonomy":"category","embeddable":true,"href":"https:\/\/www.viabelgica.nl\/fr\/wp-json\/wp\/v2\/categories?post=17271"},{"taxonomy":"post_tag","embeddable":true,"href":"https:\/\/www.viabelgica.nl\/fr\/wp-json\/wp\/v2\/tags?post=17271"}],"curies":[{"name":"wp","href":"https:\/\/api.w.org\/{rel}","templated":true}]}}