
{"id":17283,"date":"2021-04-06T10:22:49","date_gmt":"2021-04-06T08:22:49","guid":{"rendered":"https:\/\/www.viabelgica.nl\/romeinse-keizers-op-reis-naar-italie\/"},"modified":"2025-11-16T21:19:21","modified_gmt":"2025-11-16T19:19:21","slug":"romeinse-keizers-op-reis-naar-italie","status":"publish","type":"post","link":"https:\/\/www.viabelgica.nl\/fr\/romeinse-keizers-op-reis-naar-italie\/","title":{"rendered":"Des empereurs romains en voyage vers l\u2019Italie"},"content":{"rendered":"","protected":false},"excerpt":{"rendered":"","protected":false},"author":1,"featured_media":0,"comment_status":"closed","ping_status":"closed","sticky":false,"template":"","format":"standard","meta":{"_acf_changed":false,"inline_featured_image":false,"footnotes":""},"categories":[],"tags":[],"class_list":["post-17283","post","type-post","status-publish","format-standard","hentry"],"acf":{"categorie":null,"afbeelding":9170,"auteur":"Harry Lindelauf","fotografie":"Wil van der Laan","contentbuilder":[{"acf_fc_layout":"tekst","tekst":"Le sculpteur Wil van der Laan apportera \u00e0 la fin juin \u2013 si le coronavirus le permet \u2013 ses bustes en bronze de cinq empereurs romains \u00e0 Pergola, en Italie. Ils orneront la comm\u00e9moration du fait que dans cette ville des Marches les Bronzi Dorati (\u00ab Bronzes Dor\u00e9s \u00bb) ont \u00e9t\u00e9 mis au jour il y a 75 ans."},{"acf_fc_layout":"tekst_foto","tekst":"Le voyage de Wil van der Laan m\u00e8ne de vignoble en vignoble jusqu\u2019\u00e0 la destination \u00e0 Pergola. Le point de d\u00e9part est l\u2019Apostelhoeve \u00e0 Maastricht. Pour les bustes des empereurs Aur\u00e9lius, N\u00e9ron, Hadrien, Auguste et Trajan, ainsi que de Jules C\u00e9sar \u00e0 cheval, ce sera un aller simple : les statues resteront \u00e0 Pergola. Les \u0153uvres ont \u00e9t\u00e9 achet\u00e9es par un particulier local.\r\n<h3>Livre et film<\/h3>\r\nWil van der Laan reste fid\u00e8le \u00e0 son intention de faire voyager le groupe de statues le long de la Via Belgica. Il discute actuellement avec diff\u00e9rentes parties concernant les lieux d\u2019exposition et les moments pour la deuxi\u00e8me s\u00e9rie en cours de fonte.\r\n\r\nFin mars, les statues \u00e9taient expos\u00e9es dans la Salle des Empereurs de la basilique Saint-Servais. Elles ont \u00e9t\u00e9 photographi\u00e9es pour un livre en pr\u00e9paration. Des images ont \u00e9galement \u00e9t\u00e9 tourn\u00e9es pour un documentaire. Dans le film \u2013 o\u00f9 appara\u00eetra \u00e9galement le gouverneur Theo Bovens \u2013 le pass\u00e9 romain du Limbourg est reli\u00e9 \u00e0 celui de Pergola.","foto":9161},{"acf_fc_layout":"slideshow","slideshow":[9176,9188,9185,9182,9179,9164]}]},"_links":{"self":[{"href":"https:\/\/www.viabelgica.nl\/fr\/wp-json\/wp\/v2\/posts\/17283","targetHints":{"allow":["GET"]}}],"collection":[{"href":"https:\/\/www.viabelgica.nl\/fr\/wp-json\/wp\/v2\/posts"}],"about":[{"href":"https:\/\/www.viabelgica.nl\/fr\/wp-json\/wp\/v2\/types\/post"}],"author":[{"embeddable":true,"href":"https:\/\/www.viabelgica.nl\/fr\/wp-json\/wp\/v2\/users\/1"}],"replies":[{"embeddable":true,"href":"https:\/\/www.viabelgica.nl\/fr\/wp-json\/wp\/v2\/comments?post=17283"}],"version-history":[{"count":1,"href":"https:\/\/www.viabelgica.nl\/fr\/wp-json\/wp\/v2\/posts\/17283\/revisions"}],"predecessor-version":[{"id":17287,"href":"https:\/\/www.viabelgica.nl\/fr\/wp-json\/wp\/v2\/posts\/17283\/revisions\/17287"}],"wp:attachment":[{"href":"https:\/\/www.viabelgica.nl\/fr\/wp-json\/wp\/v2\/media?parent=17283"}],"wp:term":[{"taxonomy":"category","embeddable":true,"href":"https:\/\/www.viabelgica.nl\/fr\/wp-json\/wp\/v2\/categories?post=17283"},{"taxonomy":"post_tag","embeddable":true,"href":"https:\/\/www.viabelgica.nl\/fr\/wp-json\/wp\/v2\/tags?post=17283"}],"curies":[{"name":"wp","href":"https:\/\/api.w.org\/{rel}","templated":true}]}}