
{"id":17306,"date":"2021-03-25T10:24:57","date_gmt":"2021-03-25T08:24:57","guid":{"rendered":"https:\/\/www.viabelgica.nl\/inwoners-romeins-tongeren-krijgen-gezicht\/"},"modified":"2025-11-16T21:27:14","modified_gmt":"2025-11-16T19:27:14","slug":"inwoners-romeins-tongeren-krijgen-gezicht","status":"publish","type":"post","link":"https:\/\/www.viabelgica.nl\/fr\/inwoners-romeins-tongeren-krijgen-gezicht\/","title":{"rendered":"Les habitants de la Tongres romaine retrouvent un visage"},"content":{"rendered":"","protected":false},"excerpt":{"rendered":"","protected":false},"author":1,"featured_media":0,"comment_status":"closed","ping_status":"closed","sticky":false,"template":"","format":"standard","meta":{"_acf_changed":false,"inline_featured_image":false,"footnotes":""},"categories":[],"tags":[],"class_list":["post-17306","post","type-post","status-publish","format-standard","hentry"],"acf":{"categorie":null,"afbeelding":9146,"auteur":"Harry Lindelauf","fotografie":" - ","contentbuilder":[{"acf_fc_layout":"tekst","tekst":"<p class=\"Hoofdtekst\">Des scientifiques ont reconstruit les visages d\u2019un homme, d\u2019un gar\u00e7on et d\u2019une fille qui ont \u00e9t\u00e9 enterr\u00e9s \u00e0 Tongres au d\u00e9but de notre \u00e8re. Le r\u00e9sultat de la reconstruction sera visible \u00e0 partir du 1er mai dans le hall d\u2019entr\u00e9e du Mus\u00e9e gallo-romain de Tongres. En 2013, les squelettes des trois habitants de la Tongres romaine ont \u00e9t\u00e9 d\u00e9couverts lors de fouilles au nord-ouest de Tongres. Dans un champ fun\u00e9raire se trouvaient 15 tombes contenant les restes de 12 adultes et 5 enfants.<\/p>"},{"acf_fc_layout":"tekst_foto","tekst":"<h3>Sensation historique<\/h3>\r\nUne tombe en particulier a attir\u00e9 l\u2019attention des chercheurs dirig\u00e9s par Henk van der Velde du Centre du Patrimoine flamand : \u00ab Lors de la d\u00e9couverte de cette tombe, nous avons v\u00e9cu un moment de sensation historique. Cela nous a pouss\u00e9s \u00e0 entreprendre cette \u00e9tude. Son r\u00e9sultat est r\u00e9volutionnaire. \u00bb\r\n\r\nDans la tombe la plus remarquable reposaient un homme \u00e2g\u00e9 de 40 \u00e0 50 ans, une jeune fille d\u2019environ 3 ans et un gar\u00e7on d\u2019environ 6 ans. L\u2019homme et le gar\u00e7on \u00e9taient enterr\u00e9s sur le ventre, la fille sur le c\u00f4t\u00e9. Un d\u00e9tail frappant : la fille avait ses bras serr\u00e9s autour des jambes de l\u2019homme adulte. Il est plausible que l\u2019homme et les deux enfants soient morts en m\u00eame temps et aient \u00e9t\u00e9 enterr\u00e9s ensemble.","foto":9140},{"acf_fc_layout":"foto_tekst","foto":9134,"tekst":"<h3>Fr\u00e8re et s\u0153ur<\/h3>\r\nLa recherche ADN montre que les enfants \u00e9taient fr\u00e8re et s\u0153ur ; l\u2019homme n\u2019\u00e9tait pas un membre de leur famille. Le bon \u00e9tat de conservation des restes cr\u00e2niens et les r\u00e9sultats g\u00e9n\u00e9tiques ont permis de proc\u00e9der \u00e0 des reconstitutions faciales. Cette recherche fait partie d\u2019un projet plus vaste par lequel les scientifiques belges souhaitent d\u00e9terminer l\u2019origine des premi\u00e8res g\u00e9n\u00e9rations d\u2019habitants de Tongres. Gr\u00e2ce au rapport des isotopes de strontium dans les molaires, on a pu conclure qu\u2019ils \u00e9taient n\u00e9s dans la r\u00e9gion de Tongres."},{"acf_fc_layout":"tekst_foto","tekst":"<h3>Couleur des yeux, de la peau et des cheveux<\/h3>\r\nLa recherche ADN a \u00e9galement r\u00e9v\u00e9l\u00e9 la couleur des yeux, de la peau et des cheveux. Cela a permis \u00e0 l\u2019anthropologue physique et arch\u00e9ologue Maja d\u2019Holossy (Universit\u00e9 d\u2019Amsterdam) de commencer la reconstruction des visages. Les reconstitutions de l\u2019homme et du gar\u00e7on \u00e9taient possibles gr\u00e2ce aux informations disponibles. Pour la fille, la reconstitution \u00e9tait difficile : dans son cas, les restes disponibles et la relation biologique avec le gar\u00e7on ont \u00e9t\u00e9 combin\u00e9s pour obtenir une reconstitution.\r\n\r\n&nbsp;","foto":9143}]},"_links":{"self":[{"href":"https:\/\/www.viabelgica.nl\/fr\/wp-json\/wp\/v2\/posts\/17306","targetHints":{"allow":["GET"]}}],"collection":[{"href":"https:\/\/www.viabelgica.nl\/fr\/wp-json\/wp\/v2\/posts"}],"about":[{"href":"https:\/\/www.viabelgica.nl\/fr\/wp-json\/wp\/v2\/types\/post"}],"author":[{"embeddable":true,"href":"https:\/\/www.viabelgica.nl\/fr\/wp-json\/wp\/v2\/users\/1"}],"replies":[{"embeddable":true,"href":"https:\/\/www.viabelgica.nl\/fr\/wp-json\/wp\/v2\/comments?post=17306"}],"version-history":[{"count":2,"href":"https:\/\/www.viabelgica.nl\/fr\/wp-json\/wp\/v2\/posts\/17306\/revisions"}],"predecessor-version":[{"id":17312,"href":"https:\/\/www.viabelgica.nl\/fr\/wp-json\/wp\/v2\/posts\/17306\/revisions\/17312"}],"wp:attachment":[{"href":"https:\/\/www.viabelgica.nl\/fr\/wp-json\/wp\/v2\/media?parent=17306"}],"wp:term":[{"taxonomy":"category","embeddable":true,"href":"https:\/\/www.viabelgica.nl\/fr\/wp-json\/wp\/v2\/categories?post=17306"},{"taxonomy":"post_tag","embeddable":true,"href":"https:\/\/www.viabelgica.nl\/fr\/wp-json\/wp\/v2\/tags?post=17306"}],"curies":[{"name":"wp","href":"https:\/\/api.w.org\/{rel}","templated":true}]}}