
{"id":17380,"date":"2020-12-03T16:07:24","date_gmt":"2020-12-03T14:07:24","guid":{"rendered":"https:\/\/www.viabelgica.nl\/romeinse-tijd-herleeft-dame-simpelveld\/"},"modified":"2025-11-17T15:20:23","modified_gmt":"2025-11-17T13:20:23","slug":"romeinse-tijd-herleeft-dame-simpelveld","status":"publish","type":"post","link":"https:\/\/www.viabelgica.nl\/fr\/romeinse-tijd-herleeft-dame-simpelveld\/","title":{"rendered":"L\u2019\u00e9poque romaine revit dans \u00ab La Dame de Simpelveld \u00bb"},"content":{"rendered":"","protected":false},"excerpt":{"rendered":"","protected":false},"author":1,"featured_media":0,"comment_status":"closed","ping_status":"closed","sticky":false,"template":"","format":"standard","meta":{"_acf_changed":false,"inline_featured_image":false,"footnotes":""},"categories":[],"tags":[],"class_list":["post-17380","post","type-post","status-publish","format-standard","hentry"],"acf":{"categorie":null,"afbeelding":9062,"auteur":"Sjef Leenen","fotografie":"Photographie Aperture et retouche d\u2019image","contentbuilder":[{"acf_fc_layout":"tekst","tekst":"La d\u00e9couverte d\u2019un sarcophage romain tr\u00e8s particulier \u00e0 Simpelveld, le 11 d\u00e9cembre 1930, a fait les nouvelles mondiales. La sculpture \u00e0 l\u2019int\u00e9rieur, les offrandes fun\u00e9raires et les cendres de la d\u00e9funte racontent une partie de l\u2019histoire. Ce roman raconte toute la vie de la femme pour qui le sarcophage a \u00e9t\u00e9 r\u00e9alis\u00e9. La restauration du sarcophage au Mus\u00e9e national des Antiquit\u00e9s de Leyde peut \u00eatre suivie en direct jusqu\u2019au 14 janvier 2021."},{"acf_fc_layout":"tekst_quote","tekst":"Contenu\r\n\r\nRome en l\u2019an 190 apr\u00e8s J.-C. Sur son lit de mort, son p\u00e8re r\u00e9v\u00e8le \u00e0 Juna qu\u2019elle est un enfant adoptif et que sa v\u00e9ritable m\u00e8re vit \u00e0 Sempervivetum (Simpelveld). Juna voyage avec quelques esclaves vers la Gaule, au nord-ouest de l\u2019Empire romain, pour rendre visite \u00e0 sa m\u00e8re qui y g\u00e8re une villa rustica. \u00c0 Sempervivetum, plusieurs surprises l\u2019attendent. Juna s\u2019affirme comme une femme intelligente et \u00e9mancip\u00e9e qui g\u00e8re la villa et les terres d\u2019une mani\u00e8re novatrice.\r\n\r\nL\u2019auteur\r\n\r\nApr\u00e8s son premier roman Koppelmenu, bien accueilli, il s\u2019agit du deuxi\u00e8me roman de Sjef Leenen. L\u2019\u00e9criture de fiction est sa passion. Il a suivi des formations litt\u00e9raires \u00e0 Anvers et \u00e0 Genk. Dans l\u2019histoire de vie de la Dame de Simpelveld, il a int\u00e9gr\u00e9 les r\u00e9sultats r\u00e9els des recherches portant sur le sarcophage, les cendres et les offrandes fun\u00e9raires. Il a ensuite replac\u00e9 le tout dans un contexte historique r\u00e9aliste de l\u2019Empire romain au IIe si\u00e8cle apr\u00e8s J.-C.\r\n\r\nLe livre est en vente dans toutes les librairies (en ligne) et peut \u00e9galement \u00eatre command\u00e9 (sign\u00e9 si souhait\u00e9) en envoyant un mail \u00e0 <a href=\"mailto:sjefleenen@hotmail.com\">sjefleenen@hotmail.com<\/a> avec l\u2019adresse de livraison. Le prix est de 19,50 \u20ac, frais d\u2019envoi inclus, et peut \u00eatre pay\u00e9 via Tikkie.\r\n\r\nTitre : \u00ab De Dame van Simpelveld \u00bb, roman historique, livre broch\u00e9, 218 pages, \u00e9diteur Quaas, auteur Sjef Leenen, couverture Luttie Esser, photographie Aperture et retouche d\u2019image, prix de vente 19,50 \u20ac","quote":"Quatre-vingt-dix ans apr\u00e8s la d\u00e9couverte du c\u00e9l\u00e8bre sarcophage de Simpelveld, Sjef Leenen, originaire d\u2019Eys, pr\u00e9sente son roman historique \u00ab La Dame de Simpelveld \u00bb.","naam":""}]},"_links":{"self":[{"href":"https:\/\/www.viabelgica.nl\/fr\/wp-json\/wp\/v2\/posts\/17380","targetHints":{"allow":["GET"]}}],"collection":[{"href":"https:\/\/www.viabelgica.nl\/fr\/wp-json\/wp\/v2\/posts"}],"about":[{"href":"https:\/\/www.viabelgica.nl\/fr\/wp-json\/wp\/v2\/types\/post"}],"author":[{"embeddable":true,"href":"https:\/\/www.viabelgica.nl\/fr\/wp-json\/wp\/v2\/users\/1"}],"replies":[{"embeddable":true,"href":"https:\/\/www.viabelgica.nl\/fr\/wp-json\/wp\/v2\/comments?post=17380"}],"version-history":[{"count":2,"href":"https:\/\/www.viabelgica.nl\/fr\/wp-json\/wp\/v2\/posts\/17380\/revisions"}],"predecessor-version":[{"id":17385,"href":"https:\/\/www.viabelgica.nl\/fr\/wp-json\/wp\/v2\/posts\/17380\/revisions\/17385"}],"wp:attachment":[{"href":"https:\/\/www.viabelgica.nl\/fr\/wp-json\/wp\/v2\/media?parent=17380"}],"wp:term":[{"taxonomy":"category","embeddable":true,"href":"https:\/\/www.viabelgica.nl\/fr\/wp-json\/wp\/v2\/categories?post=17380"},{"taxonomy":"post_tag","embeddable":true,"href":"https:\/\/www.viabelgica.nl\/fr\/wp-json\/wp\/v2\/tags?post=17380"}],"curies":[{"name":"wp","href":"https:\/\/api.w.org\/{rel}","templated":true}]}}