
{"id":17395,"date":"2020-11-29T16:09:31","date_gmt":"2020-11-29T14:09:31","guid":{"rendered":"https:\/\/www.viabelgica.nl\/bezoek-aan-thermenmuseum-heerlen-kent-zeer-sterke-groei\/"},"modified":"2025-11-17T15:28:58","modified_gmt":"2025-11-17T13:28:58","slug":"bezoek-aan-thermenmuseum-heerlen-kent-zeer-sterke-groei","status":"publish","type":"post","link":"https:\/\/www.viabelgica.nl\/fr\/bezoek-aan-thermenmuseum-heerlen-kent-zeer-sterke-groei\/","title":{"rendered":"La visite du Thermenmuseum Heerlen conna\u00eet une tr\u00e8s forte croissance"},"content":{"rendered":"","protected":false},"excerpt":{"rendered":"","protected":false},"author":1,"featured_media":0,"comment_status":"closed","ping_status":"closed","sticky":false,"template":"","format":"standard","meta":{"_acf_changed":false,"inline_featured_image":false,"footnotes":""},"categories":[],"tags":[],"class_list":["post-17395","post","type-post","status-publish","format-standard","hentry"],"acf":{"categorie":1,"afbeelding":9053,"auteur":"Thermenmuseum","fotografie":"Thermenmuseum","contentbuilder":[{"acf_fc_layout":"tekst","tekst":"La restauration et une s\u00e9rie d\u2019innovations portent leurs fruits\r\n\r\nLe Thermenmuseum Heerlen r\u00e9nov\u00e9 est en plein essor ! La visite des bains romains enti\u00e8rement restaur\u00e9s conna\u00eet une tr\u00e8s forte croissance. En juillet de cette ann\u00e9e, trois fois plus de personnes ont visit\u00e9 le plus ancien b\u00e2timent en pierre des Pays-Bas, compar\u00e9 \u00e0 l\u2019ann\u00e9e derni\u00e8re. En ao\u00fbt, le nombre de visiteurs a doubl\u00e9. Et en septembre, la \u00ab Ronde de nuit de l\u2019arch\u00e9ologie n\u00e9erlandaise \u00bb a accueilli 50 % de visiteurs suppl\u00e9mentaires."},{"acf_fc_layout":"tekst_foto","tekst":"Au total, jusqu\u2019\u00e0 fin octobre de cette ann\u00e9e, plus de 11 000 personnes ont visit\u00e9 le mus\u00e9e. C\u2019est autant que l\u2019ann\u00e9e derni\u00e8re, mais plus t\u00f4t cette ann\u00e9e le mus\u00e9e est rest\u00e9 ferm\u00e9 pendant trois mois (du 13 mars au 8 juin) en raison des mesures nationales li\u00e9es au Covid-19.\r\n\r\nRestauration approfondie\r\n\r\nL\u2019int\u00e9r\u00eat consid\u00e9rablement accru suit une restauration approfondie des bains. 150 zones endommag\u00e9es et plusieurs centaines de m\u00e8tres de murs ont notamment \u00e9t\u00e9 restaur\u00e9s. \u00c0 l\u2019aide de gravier color\u00e9, diff\u00e9rents \u00e9l\u00e9ments, tels que la galerie de colonnes, les \u00e9choppes ou le cabinet du m\u00e9decin, ont \u00e9t\u00e9 mis en valeur. Les fa\u00e7ades vitr\u00e9es du mus\u00e9e ont \u00e9t\u00e9 assombries afin de pr\u00e9senter le site au mieux. Par ailleurs, une passerelle en bois de 96 m\u00e8tres de long, avec des panneaux de verre permettant de regarder vers le bas, a \u00e9t\u00e9 install\u00e9e, permettant aux visiteurs de se tenir directement au-dessus des bassins d\u2019eau chaude et froide, des chauffages par le sol, de la piscine, des salles de massage et des \u00e9choppes. Un nouvel audioguide dans les bains, combin\u00e9 \u00e0 des projections dans l\u2019espace, compl\u00e8te l\u2019exp\u00e9rience.","foto":9050},{"acf_fc_layout":"foto_tekst","foto":9047,"tekst":"Exposition ultra-r\u00e9aliste\r\n\r\nDepuis le 9 octobre, l\u2019exposition ultra-r\u00e9aliste \u00ab Vivre 400 ans de bains romains \u00bb est visible au mus\u00e9e. L\u2019exposition utilise des techniques modernes : le visiteur se tient dans une salle circulaire et, gr\u00e2ce \u00e0 des images vid\u00e9o \u00e0 360 degr\u00e9s, a l\u2019impression de se trouver \u00ab en direct \u00bb dans les bains. La technologie utilis\u00e9e est la m\u00eame que celle employ\u00e9e, par exemple, pour la nouvelle s\u00e9rie Disney The Mandalorian.\r\n\r\nParcours familial ludique\r\n\r\nEntre-temps, une nouvelle \u00ab attraction \u00bb est en pr\u00e9paration. \u00c0 la demande des visiteurs, un parcours familial \u00e0 la fois informatif et tr\u00e8s ludique est en cours de cr\u00e9ation, destin\u00e9 aux (grands-)parents et aux (petits-)enfants \u00e0 partir de 7 ans afin qu\u2019ils puissent d\u00e9couvrir et vivre le mus\u00e9e. Le parcours s\u2019appelle Lucius &amp; Amaka (du nom de deux personnages de l\u2019\u00e9poque romaine \u00ab ramen\u00e9s \u00e0 la vie \u00bb dans le mus\u00e9e) et sera lanc\u00e9 prochainement. Pour les enfants de 4 \u00e0 7 ans, de nombreuses activit\u00e9s cr\u00e9atives sont propos\u00e9es, telles que la fabrication et la peinture de la petite cruche du potier Lucius."},{"acf_fc_layout":"tekst_quote","tekst":"R\u00e9actions enthousiastes\r\n\r\nLes visiteurs se montrent tr\u00e8s enthousiastes face \u00e0 cette s\u00e9rie d\u2019innovations. \u00ab Un chef-d\u2019\u0153uvre mus\u00e9al \u00bb et \u00ab C\u2019est un joyau dans la couronne des mus\u00e9es aux Pays-Bas \u00bb sont quelques-unes des nombreuses louanges re\u00e7ues sur les r\u00e9seaux sociaux.\r\n\r\nPour plus d\u2019informations, voir le site internet du mus\u00e9e: <a href=\"http:\/\/www.thermenmuseum.nl\/\">www.thermenmuseum.nl<span style=\"font-weight: 400;\">\r\n<\/span><\/a>","quote":"C\u2019est un joyau dans la couronne des mus\u00e9es aux Pays-Bas","naam":""}]},"_links":{"self":[{"href":"https:\/\/www.viabelgica.nl\/fr\/wp-json\/wp\/v2\/posts\/17395","targetHints":{"allow":["GET"]}}],"collection":[{"href":"https:\/\/www.viabelgica.nl\/fr\/wp-json\/wp\/v2\/posts"}],"about":[{"href":"https:\/\/www.viabelgica.nl\/fr\/wp-json\/wp\/v2\/types\/post"}],"author":[{"embeddable":true,"href":"https:\/\/www.viabelgica.nl\/fr\/wp-json\/wp\/v2\/users\/1"}],"replies":[{"embeddable":true,"href":"https:\/\/www.viabelgica.nl\/fr\/wp-json\/wp\/v2\/comments?post=17395"}],"version-history":[{"count":3,"href":"https:\/\/www.viabelgica.nl\/fr\/wp-json\/wp\/v2\/posts\/17395\/revisions"}],"predecessor-version":[{"id":17402,"href":"https:\/\/www.viabelgica.nl\/fr\/wp-json\/wp\/v2\/posts\/17395\/revisions\/17402"}],"wp:attachment":[{"href":"https:\/\/www.viabelgica.nl\/fr\/wp-json\/wp\/v2\/media?parent=17395"}],"wp:term":[{"taxonomy":"category","embeddable":true,"href":"https:\/\/www.viabelgica.nl\/fr\/wp-json\/wp\/v2\/categories?post=17395"},{"taxonomy":"post_tag","embeddable":true,"href":"https:\/\/www.viabelgica.nl\/fr\/wp-json\/wp\/v2\/tags?post=17395"}],"curies":[{"name":"wp","href":"https:\/\/api.w.org\/{rel}","templated":true}]}}