
{"id":17420,"date":"2020-11-26T14:21:33","date_gmt":"2020-11-26T12:21:33","guid":{"rendered":"https:\/\/www.viabelgica.nl\/kraakt-grote-mysterie-dodecaeder\/"},"modified":"2025-11-17T15:42:09","modified_gmt":"2025-11-17T13:42:09","slug":"kraakt-grote-mysterie-dodecaeder","status":"publish","type":"post","link":"https:\/\/www.viabelgica.nl\/fr\/kraakt-grote-mysterie-dodecaeder\/","title":{"rendered":"Qui percera le grand myst\u00e8re du dod\u00e9ca\u00e8dre ?"},"content":{"rendered":"","protected":false},"excerpt":{"rendered":"","protected":false},"author":1,"featured_media":0,"comment_status":"closed","ping_status":"closed","sticky":false,"template":"","format":"standard","meta":{"_acf_changed":false,"inline_featured_image":false,"footnotes":""},"categories":[],"tags":[],"class_list":["post-17420","post","type-post","status-publish","format-standard","hentry"],"acf":{"categorie":34,"afbeelding":9020,"auteur":"Harry Lindelauf","fotografie":"Via Belgica","contentbuilder":[{"acf_fc_layout":"tekst","tekst":"Entre Maastricht-Mari\u00ebnwaard et Rothem, des fragments d\u2019un objet particuli\u00e8rement myst\u00e9rieux, portant un nom tout aussi particulier, ont \u00e9t\u00e9 trouv\u00e9s le long de la Via Belgica. Il s\u2019agit de morceaux d\u2019un dod\u00e9ca\u00e8dre datant de l\u2019\u00e9poque romaine, et aucun expert n\u2019est en mesure de d\u00e9montrer \u00e0 quoi il servait."},{"acf_fc_layout":"tekst_foto","tekst":"Et qu\u2019est-ce que tu nous sors l\u00e0 ? Rien que ce nom lugubre\u2026\r\n\r\nOui, je comprends ce que tu veux dire. Cela vient du fait que tu reconnais le mot \u00ab dode \u00bb et que tu lui donnes le sens n\u00e9erlandais. Mais le nom d\u2019origine grecque fait r\u00e9f\u00e9rence aux douze (dodeca) faces (edron), chaque face \u00e9tant un pentagone. Tu peux donc \u00eatre rassur\u00e9 : ce n\u2019est pas si lugubre que \u00e7a.\r\n\r\nTr\u00e8s bien. Mais dis-moi, qu\u2019est-ce que c\u2019est ?\r\n\r\nCet objet a \u00e9t\u00e9 coul\u00e9 en bronze au IIe ou IIIe si\u00e8cle. Jusqu\u2019\u00e0 pr\u00e9sent, environ 120 exemplaires ont \u00e9t\u00e9 trouv\u00e9s, principalement en Angleterre, en France, en Allemagne, en Belgique et en Suisse. Aux Pays-Bas, deux ont \u00e9t\u00e9 d\u00e9couverts : \u00e0 Elst et \u00e0 Maastricht pr\u00e8s de Rothem le long de la Via Belgica. Le dod\u00e9ca\u00e8dre de Maastricht n\u2019est pas complet ; seuls des fragments ont \u00e9t\u00e9 trouv\u00e9s. Plus pr\u00e8s de chez nous, d\u2019autres d\u00e9couvertes sont connues \u00e0 l\u2019est de Tongres et \u00e0 Bassenge dans la province de Li\u00e8ge. Ces deux d\u00e9couvertes ont \u00e9t\u00e9 faites dans un champ fun\u00e9raire. Les dod\u00e9ca\u00e8dres mesurent entre 4,5 et 8,5 centim\u00e8tres. C\u2019est une pi\u00e8ce de fonderie impressionnante, avec des ouvertures sur toutes les faces. Les petits pieds avec une minuscule boule \u00e0 chaque coin sont \u00e9galement remarquables.","foto":9023},{"acf_fc_layout":"foto_tekst","foto":9026,"tekst":"\u00c0 quoi les Romains utilisaient-ils le dod\u00e9ca\u00e8dre ?\r\n\r\nLa version courte de la v\u00e9rit\u00e9 ? Aucune id\u00e9e. On les a \u00e9videmment utilis\u00e9s pour quelque chose, mais personne n\u2019a jamais pu prouver pour quoi. D\u2019ailleurs, tu pars du principe que les Romains les utilisaient, mais cela aussi n\u2019est pas certain.\r\n\r\nComment \u00e7a ? Ils ont bien \u00e9t\u00e9 fabriqu\u00e9s \u00e0 l\u2019\u00e9poque romaine, dans des r\u00e9gions occup\u00e9es par les Romains, non ?\r\n\r\nOui, c\u2019est exact. Mais ce qui est \u00e9trange, c\u2019est qu\u2019on n\u2019a jamais trouv\u00e9 de dod\u00e9ca\u00e8dre au sud des Alpes, disons en \u00ab territoire d\u2019origine \u00bb romain."},{"acf_fc_layout":"tekst_foto","tekst":"Si ce n\u2019est pas une invention romaine, conna\u00eet-on son origine ?\r\n\r\nLes anciens Grecs ont dessin\u00e9 cette forme \u2014 ainsi que d\u2019autres formes math\u00e9matiques. Les Romains avaient des g\u00e9n\u00e9raux instruits, des dirigeants comp\u00e9tents, des architectes et des b\u00e2tisseurs talentueux. Mais les math\u00e9matiques n\u2019\u00e9taient apparemment pas leur point fort. Les Celtes, qui vivaient en Europe de l\u2019Ouest avant les Romains, avaient en revanche des connaissances math\u00e9matiques et utilisaient des figures g\u00e9om\u00e9triques comme symboles. Il est donc tout \u00e0 fait possible que le dod\u00e9ca\u00e8dre ne soit pas si romain que tu le penses.\r\n\r\nTu viens de dire que nous n\u2019avons \u201caucune id\u00e9e\u201d de l\u2019usage de ce chef-d\u2019\u0153uvre. J\u2019ai du mal \u00e0 te croire.\r\n\r\nJe veux dire que personne n\u2019a pu en prouver la fonction. Cela laisse la place \u00e0 une pluie d\u2019id\u00e9es et de sp\u00e9culations. Certains scientifiques y ont consacr\u00e9 une vraie \u00e9tude, tandis que d\u2019autres proposent des hypoth\u00e8ses \u2014 restons polis \u2014 plut\u00f4t cr\u00e9atives.\r\n\r\nDonne quelques exemples\u2026\r\n\r\nVoici une poign\u00e9e d\u2019id\u00e9es parmi beaucoup d\u2019autres. Il pourrait s\u2019agir d\u2019un instrument permettant de :\r\n<ul>\r\n \t<li>v\u00e9rifier la taille correcte des pi\u00e8ces,<\/li>\r\n \t<li>calculer la date des semis,<\/li>\r\n \t<li>mesurer la distance d\u2019un objet<\/li>\r\n \t<li>tricoter des gants,<\/li>\r\n \t<li>orner un sceptre,<\/li>\r\n \t<li>servir d\u2019extr\u00e9mit\u00e9 de massue,<\/li>\r\n \t<li>tenir des bougies.<\/li>\r\n<\/ul>\r\nTr\u00e8s cr\u00e9atif en effet. Mais tu ne mentionnes pas une variante grecque, alors que les Grecs ont d\u00e9couvert cette forme ?\r\n\r\nBien vu. Revenons un instant dans le pass\u00e9. Le math\u00e9maticien Hippase de M\u00e9taponte fut, il y a environ 2 500 ans, le premier \u00e0 dessiner le dod\u00e9ca\u00e8dre. Son compatriote Platon imagina environ cent ans plus tard que cinq symboles g\u00e9om\u00e9triques repr\u00e9sentaient les \u00e9l\u00e9ments de la cr\u00e9ation : le t\u00e9tra\u00e8dre pour le feu, l\u2019hexa\u00e8dre pour la terre, l\u2019octa\u00e8dre pour l\u2019air, l\u2019icosa\u00e8dre pour l\u2019eau et le dod\u00e9ca\u00e8dre pour l\u2019univers ou l\u2019\u00e9ther.\r\n\r\nOn est loin d\u2019un accessoire pour tricoter des gants ou d\u2019un calculateur d\u2019\u00e9toiles. Mais jusqu\u2019ici, tu ne fais que citer les id\u00e9es des autres. Et toi, qu\u2019en penses-tu ?\r\n\r\nOuh l\u00e0, j\u2019ouvre le robinet de modestie \u00e0 fond. Si de grands esprits n\u2019ont toujours pas r\u00e9solu ce Rubik\u2019s cube romain, qui suis-je pour pr\u00e9tendre avoir la r\u00e9ponse ?\r\n\r\nCe n\u2019est toujours pas une r\u00e9ponse\u2026\r\n\r\nEh bien, vraiment en toute modestie : je soup\u00e7onne qu\u2019il s\u2019agit d\u2019un objet sans utilit\u00e9 pratique. Rien pour mesurer ou calculer, car les dimensions des diff\u00e9rents exemplaires varient trop. En accord avec les id\u00e9es de Platon, il pourrait tr\u00e8s bien avoir \u00e9t\u00e9 un symbole utilis\u00e9 par les Celtes et leurs descendants durant des rituels fun\u00e9raires \u00e0 l\u2019\u00e9poque romaine. Il est int\u00e9ressant de noter que le dod\u00e9ca\u00e8dre est encore utilis\u00e9 aujourd\u2019hui comme symbole, notamment chez les francs-ma\u00e7ons. Pourquoi penser aux fun\u00e9railles ? Parce que plusieurs dod\u00e9ca\u00e8dres ont \u00e9t\u00e9 trouv\u00e9s dans des champs fun\u00e9raires, par exemple \u00e0 Tongres et Bassenge. Mais encore une fois, ce n\u2019est que l\u2019id\u00e9e d\u2019un amateur. Que celui qui r\u00e9sout vraiment le myst\u00e8re l\u00e8ve la main \u2014 et ensuite je nierai avoir jamais donn\u00e9 une opinion sur la fonction de ce grand myst\u00e8re de ce petit dod\u00e9ca\u00e8dre.","foto":9029}]},"_links":{"self":[{"href":"https:\/\/www.viabelgica.nl\/fr\/wp-json\/wp\/v2\/posts\/17420","targetHints":{"allow":["GET"]}}],"collection":[{"href":"https:\/\/www.viabelgica.nl\/fr\/wp-json\/wp\/v2\/posts"}],"about":[{"href":"https:\/\/www.viabelgica.nl\/fr\/wp-json\/wp\/v2\/types\/post"}],"author":[{"embeddable":true,"href":"https:\/\/www.viabelgica.nl\/fr\/wp-json\/wp\/v2\/users\/1"}],"replies":[{"embeddable":true,"href":"https:\/\/www.viabelgica.nl\/fr\/wp-json\/wp\/v2\/comments?post=17420"}],"version-history":[{"count":2,"href":"https:\/\/www.viabelgica.nl\/fr\/wp-json\/wp\/v2\/posts\/17420\/revisions"}],"predecessor-version":[{"id":17425,"href":"https:\/\/www.viabelgica.nl\/fr\/wp-json\/wp\/v2\/posts\/17420\/revisions\/17425"}],"acf:term":[{"embeddable":true,"taxonomy":"category","href":"https:\/\/www.viabelgica.nl\/fr\/wp-json\/wp\/v2\/categories\/34"}],"wp:attachment":[{"href":"https:\/\/www.viabelgica.nl\/fr\/wp-json\/wp\/v2\/media?parent=17420"}],"wp:term":[{"taxonomy":"category","embeddable":true,"href":"https:\/\/www.viabelgica.nl\/fr\/wp-json\/wp\/v2\/categories?post=17420"},{"taxonomy":"post_tag","embeddable":true,"href":"https:\/\/www.viabelgica.nl\/fr\/wp-json\/wp\/v2\/tags?post=17420"}],"curies":[{"name":"wp","href":"https:\/\/api.w.org\/{rel}","templated":true}]}}