
{"id":17457,"date":"2020-09-24T13:15:31","date_gmt":"2020-09-24T11:15:31","guid":{"rendered":"https:\/\/www.viabelgica.nl\/belgica-bank-aan-kanjelbeek-onthuld\/"},"modified":"2025-11-17T16:00:08","modified_gmt":"2025-11-17T14:00:08","slug":"belgica-bank-aan-kanjelbeek-onthuld","status":"publish","type":"post","link":"https:\/\/www.viabelgica.nl\/fr\/belgica-bank-aan-kanjelbeek-onthuld\/","title":{"rendered":"Un banc Via Belgica d\u00e9voil\u00e9 au bord du Kanjelbeek"},"content":{"rendered":"","protected":false},"excerpt":{"rendered":"","protected":false},"author":1,"featured_media":0,"comment_status":"closed","ping_status":"closed","sticky":false,"template":"","format":"standard","meta":{"_acf_changed":false,"inline_featured_image":false,"footnotes":""},"categories":[],"tags":[],"class_list":["post-17457","post","type-post","status-publish","format-standard","hentry"],"acf":{"categorie":null,"afbeelding":8984,"auteur":"Via Belgica","fotografie":"Philip Driessen","contentbuilder":[{"acf_fc_layout":"tekst","tekst":"Le jeudi 24 septembre, le 7\u1d49 banc Via Belgica a \u00e9t\u00e9 inaugur\u00e9 sur la Meerssenerweg \u00e0 Maastricht. Ce banc donne un aper\u00e7u de la mani\u00e8re dont les Romains vivaient dans notre r\u00e9gion et de la fa\u00e7on dont ils ont largement fa\u00e7onn\u00e9 le paysage actuel. L\u2019inauguration a \u00e9t\u00e9 effectu\u00e9e par l\u2019\u00e9chevin Gert-Jan Krabbendam et le d\u00e9put\u00e9 provincial Ruud Burlet."},{"acf_fc_layout":"tekst_foto","tekst":"Le banc Via Belgica se situe au croisement avec la Groene Loper, en face de la Villa Kanjel. \u00c0 l\u2019\u00e9poque romaine, on trouvait ici une auberge de bord de route o\u00f9 les voyageurs pouvaient s\u2019arr\u00eater pour se restaurer. Une partie d\u2019un complexe de villa romaine y a \u00e9galement \u00e9t\u00e9 d\u00e9couverte, r\u00e9v\u00e9lant le luxe et la richesse de ses habitants. Ruud Burlet, d\u00e9put\u00e9 de la Province du Limbourg et pr\u00e9sident du comit\u00e9 de pilotage Via Belgica : \u00ab C\u2019est magnifique de voir combien d\u2019\u00e9tapes nous franchissons ensemble pour faire revivre le pass\u00e9 romain. Gr\u00e2ce \u00e0 des moyens modernes tels qu\u2019un casque VR ou une application, mais aussi en parcourant soi-m\u00eame l\u2019itin\u00e9raire de la Via Belgica. Tout cela contribue \u00e0 une prise de conscience croissante, chez les jeunes comme chez les plus \u00e2g\u00e9s, que le pass\u00e9 joue encore un r\u00f4le aujourd\u2019hui. Ce lieu pr\u00e8s du Kanjelbeek vous invite \u00e0 vous arr\u00eater et \u00e0 r\u00e9fl\u00e9chir. C\u2019est exactement ce que nous souhaitons avec le projet Via Belgica. \u00bb","foto":8975},{"acf_fc_layout":"foto_tekst","foto":8981,"tekst":"Le th\u00e8me du banc est le paysage romain et la Via Belgica en zone rurale. En raison de l\u2019environnement humide \u00e0 proximit\u00e9 du Kanjelbeek, les troupes du g\u00e9nie romain y ont construit une digue sur laquelle la route fut am\u00e9nag\u00e9e. L\u2019emplacement exact de la Via Belgica a pu \u00eatre d\u00e9termin\u00e9 il y a quelques ann\u00e9es gr\u00e2ce au projet A2. Nous savons ainsi qu\u2019elle correspond en grande partie \u00e0 l\u2019actuelle Meerssenerweg et nous avons un aper\u00e7u de ce qui se d\u00e9roulait le long de cet axe.\r\n\r\nL\u2019\u00e9chevin Gert-Jan Krabbendam, en charge de l\u2019arch\u00e9ologie, a qualifi\u00e9 ce nouveau mobilier \u00ab d\u2019un nouveau maillon dans la cha\u00eene des bancs informatifs \u00bb dans notre sud du Limbourg romain. \u00ab Il est parfois difficile d\u2019imaginer \u00e0 quoi ressemblait le monde de nos anc\u00eatres il y a plusieurs si\u00e8cles, mais la ville de Maastricht souhaite offrir cette exp\u00e9rience \u00e0 ses visiteurs comme \u00e0 ses habitants \u00bb, a d\u00e9clar\u00e9 Krabbendam. \u00ab Avec des images et des r\u00e9cits, nous faisons revivre notre pass\u00e9 de mani\u00e8re vivante. \u00bb Les bancs sont install\u00e9s \u00e0 des endroits marquants du paysage ayant chacun une histoire \u00e0 raconter. Le mobilier a \u00e9t\u00e9 con\u00e7u par l\u2019architecte paysagiste Barry Kerckhoffs du Bureau Verbeek. Les textes des panneaux ont \u00e9t\u00e9 r\u00e9dig\u00e9s par Kris F\u00f6rster."}]},"_links":{"self":[{"href":"https:\/\/www.viabelgica.nl\/fr\/wp-json\/wp\/v2\/posts\/17457","targetHints":{"allow":["GET"]}}],"collection":[{"href":"https:\/\/www.viabelgica.nl\/fr\/wp-json\/wp\/v2\/posts"}],"about":[{"href":"https:\/\/www.viabelgica.nl\/fr\/wp-json\/wp\/v2\/types\/post"}],"author":[{"embeddable":true,"href":"https:\/\/www.viabelgica.nl\/fr\/wp-json\/wp\/v2\/users\/1"}],"replies":[{"embeddable":true,"href":"https:\/\/www.viabelgica.nl\/fr\/wp-json\/wp\/v2\/comments?post=17457"}],"version-history":[{"count":2,"href":"https:\/\/www.viabelgica.nl\/fr\/wp-json\/wp\/v2\/posts\/17457\/revisions"}],"predecessor-version":[{"id":17462,"href":"https:\/\/www.viabelgica.nl\/fr\/wp-json\/wp\/v2\/posts\/17457\/revisions\/17462"}],"wp:attachment":[{"href":"https:\/\/www.viabelgica.nl\/fr\/wp-json\/wp\/v2\/media?parent=17457"}],"wp:term":[{"taxonomy":"category","embeddable":true,"href":"https:\/\/www.viabelgica.nl\/fr\/wp-json\/wp\/v2\/categories?post=17457"},{"taxonomy":"post_tag","embeddable":true,"href":"https:\/\/www.viabelgica.nl\/fr\/wp-json\/wp\/v2\/tags?post=17457"}],"curies":[{"name":"wp","href":"https:\/\/api.w.org\/{rel}","templated":true}]}}