
{"id":17493,"date":"2020-09-07T13:15:19","date_gmt":"2020-09-07T11:15:19","guid":{"rendered":"https:\/\/www.viabelgica.nl\/terugkijken-l1-schatten-belgica-aflevering-7-maastricht\/"},"modified":"2025-11-17T21:59:43","modified_gmt":"2025-11-17T19:59:43","slug":"terugkijken-l1-schatten-belgica-aflevering-7-maastricht","status":"publish","type":"post","link":"https:\/\/www.viabelgica.nl\/fr\/terugkijken-l1-schatten-belgica-aflevering-7-maastricht\/","title":{"rendered":"REVOIR \u2013 L1 \u00ab Tr\u00e9sors de la Via Belgica \u00bb \u00e9pisode 7 \u2013 Maastricht"},"content":{"rendered":"","protected":false},"excerpt":{"rendered":"","protected":false},"author":1,"featured_media":0,"comment_status":"closed","ping_status":"closed","sticky":false,"template":"","format":"standard","meta":{"_acf_changed":false,"inline_featured_image":false,"footnotes":""},"categories":[],"tags":[],"class_list":["post-17493","post","type-post","status-publish","format-standard","hentry"],"acf":{"categorie":37,"afbeelding":8861,"auteur":"Via Belgica","fotografie":"Via Belgica","contentbuilder":[{"acf_fc_layout":"video_embed","embedcode":"<iframe src=\"https:\/\/player.vimeo.com\/video\/451454139\" width=\"640\" height=\"360\" frameborder=\"0\" allow=\"autoplay; fullscreen\" allowfullscreen><\/iframe>"},{"acf_fc_layout":"tekst","tekst":"Que Maastricht soit ou non la plus ancienne ville des Pays-Bas, nous n\u2019ouvrirons pas ce d\u00e9bat, mais il est certain que les Romains y ont laiss\u00e9 leurs traces. Dans cet \u00e9pisode, nous les suivons lors d\u2019une promenade \u00e0 travers Mosa Trajectum. Et saviez-vous qu\u2019il existait des Romains anciens et des Romains tardifs ? L\u2019expert en civilisation romaine Jos nous explique toutes les diff\u00e9rences. Au menu de cet \u00e9pisode : la puls romaine aux l\u00e9gumes d\u2019\u00e9t\u00e9, une recette du chef Tim Feijs de l\u2019H\u00f4tel Derlon.\r\n\r\n&nbsp;"}]},"_links":{"self":[{"href":"https:\/\/www.viabelgica.nl\/fr\/wp-json\/wp\/v2\/posts\/17493","targetHints":{"allow":["GET"]}}],"collection":[{"href":"https:\/\/www.viabelgica.nl\/fr\/wp-json\/wp\/v2\/posts"}],"about":[{"href":"https:\/\/www.viabelgica.nl\/fr\/wp-json\/wp\/v2\/types\/post"}],"author":[{"embeddable":true,"href":"https:\/\/www.viabelgica.nl\/fr\/wp-json\/wp\/v2\/users\/1"}],"replies":[{"embeddable":true,"href":"https:\/\/www.viabelgica.nl\/fr\/wp-json\/wp\/v2\/comments?post=17493"}],"version-history":[{"count":2,"href":"https:\/\/www.viabelgica.nl\/fr\/wp-json\/wp\/v2\/posts\/17493\/revisions"}],"predecessor-version":[{"id":17498,"href":"https:\/\/www.viabelgica.nl\/fr\/wp-json\/wp\/v2\/posts\/17493\/revisions\/17498"}],"acf:term":[{"embeddable":true,"taxonomy":"category","href":"https:\/\/www.viabelgica.nl\/fr\/wp-json\/wp\/v2\/categories\/37"}],"wp:attachment":[{"href":"https:\/\/www.viabelgica.nl\/fr\/wp-json\/wp\/v2\/media?parent=17493"}],"wp:term":[{"taxonomy":"category","embeddable":true,"href":"https:\/\/www.viabelgica.nl\/fr\/wp-json\/wp\/v2\/categories?post=17493"},{"taxonomy":"post_tag","embeddable":true,"href":"https:\/\/www.viabelgica.nl\/fr\/wp-json\/wp\/v2\/tags?post=17493"}],"curies":[{"name":"wp","href":"https:\/\/api.w.org\/{rel}","templated":true}]}}