
{"id":17505,"date":"2020-09-01T11:32:01","date_gmt":"2020-09-01T09:32:01","guid":{"rendered":"https:\/\/www.viabelgica.nl\/terugkijken-l1-schatten-belgica-aflevering-6-meerssen\/"},"modified":"2025-11-17T22:02:37","modified_gmt":"2025-11-17T20:02:37","slug":"terugkijken-l1-schatten-belgica-aflevering-6-meerssen","status":"publish","type":"post","link":"https:\/\/www.viabelgica.nl\/fr\/terugkijken-l1-schatten-belgica-aflevering-6-meerssen\/","title":{"rendered":"REVOIR \u2013 L1 \u00ab Tr\u00e9sors de la Via Belgica \u00bb \u00e9pisode 6 \u2013 Meerssen"},"content":{"rendered":"","protected":false},"excerpt":{"rendered":"","protected":false},"author":1,"featured_media":0,"comment_status":"closed","ping_status":"closed","sticky":false,"template":"","format":"standard","meta":{"_acf_changed":false,"inline_featured_image":false,"footnotes":""},"categories":[],"tags":[],"class_list":["post-17505","post","type-post","status-publish","format-standard","hentry"],"acf":{"categorie":37,"afbeelding":8861,"auteur":"Via Belgica","fotografie":"Via Belgica","contentbuilder":[{"acf_fc_layout":"tekst","tekst":"\u00c0 Meerssen se trouve un champ tout \u00e0 fait ordinaire \u2014 du moins, c\u2019est ce qu\u2019il semble. Car si l\u2019on regarde attentivement, on y trouve encore des fragments de tuiles romaines. Rien d\u2019\u00e9tonnant si l\u2019on sait qu\u2019une immense villa s\u2019y trouvait autrefois. Dans cet \u00e9pisode, nous partons \u00e0 sa recherche. Et comment faisait-on, \u00e0 l\u2019\u00e9poque romaine, pour arriver \u00e0 l\u2019heure ? Nous posons la question \u00e0 notre sp\u00e9cialiste du monde romain. Sais-tu quel est le lien entre une d\u00e9licieuse part de tarte aux cerises limbourgeoise et les Romains ? Frank van Eerd, de la Bisschopsmolen \u00e0 Maastricht, nous en dit plus."},{"acf_fc_layout":"video_embed","embedcode":"<iframe src=\"https:\/\/player.vimeo.com\/video\/451443743\" width=\"640\" height=\"360\" frameborder=\"0\" allow=\"autoplay; fullscreen\" allowfullscreen><\/iframe>"}]},"_links":{"self":[{"href":"https:\/\/www.viabelgica.nl\/fr\/wp-json\/wp\/v2\/posts\/17505","targetHints":{"allow":["GET"]}}],"collection":[{"href":"https:\/\/www.viabelgica.nl\/fr\/wp-json\/wp\/v2\/posts"}],"about":[{"href":"https:\/\/www.viabelgica.nl\/fr\/wp-json\/wp\/v2\/types\/post"}],"author":[{"embeddable":true,"href":"https:\/\/www.viabelgica.nl\/fr\/wp-json\/wp\/v2\/users\/1"}],"replies":[{"embeddable":true,"href":"https:\/\/www.viabelgica.nl\/fr\/wp-json\/wp\/v2\/comments?post=17505"}],"version-history":[{"count":2,"href":"https:\/\/www.viabelgica.nl\/fr\/wp-json\/wp\/v2\/posts\/17505\/revisions"}],"predecessor-version":[{"id":17510,"href":"https:\/\/www.viabelgica.nl\/fr\/wp-json\/wp\/v2\/posts\/17505\/revisions\/17510"}],"acf:term":[{"embeddable":true,"taxonomy":"category","href":"https:\/\/www.viabelgica.nl\/fr\/wp-json\/wp\/v2\/categories\/37"}],"wp:attachment":[{"href":"https:\/\/www.viabelgica.nl\/fr\/wp-json\/wp\/v2\/media?parent=17505"}],"wp:term":[{"taxonomy":"category","embeddable":true,"href":"https:\/\/www.viabelgica.nl\/fr\/wp-json\/wp\/v2\/categories?post=17505"},{"taxonomy":"post_tag","embeddable":true,"href":"https:\/\/www.viabelgica.nl\/fr\/wp-json\/wp\/v2\/tags?post=17505"}],"curies":[{"name":"wp","href":"https:\/\/api.w.org\/{rel}","templated":true}]}}