
{"id":17515,"date":"2020-08-25T11:57:33","date_gmt":"2020-08-25T09:57:33","guid":{"rendered":"https:\/\/www.viabelgica.nl\/terugkijken-l1-schatten-belgica-aflevering-5-valkenburg\/"},"modified":"2025-11-17T22:03:46","modified_gmt":"2025-11-17T20:03:46","slug":"terugkijken-l1-schatten-belgica-aflevering-5-valkenburg","status":"publish","type":"post","link":"https:\/\/www.viabelgica.nl\/fr\/terugkijken-l1-schatten-belgica-aflevering-5-valkenburg\/","title":{"rendered":"REVOIR \u2013 L1 \u00ab Tr\u00e9sors de la Via Belgica \u00bb \u00e9pisode 5 \u2013 Valkenburg"},"content":{"rendered":"","protected":false},"excerpt":{"rendered":"","protected":false},"author":1,"featured_media":0,"comment_status":"closed","ping_status":"closed","sticky":false,"template":"","format":"standard","meta":{"_acf_changed":false,"inline_featured_image":false,"footnotes":""},"categories":[],"tags":[],"class_list":["post-17515","post","type-post","status-publish","format-standard","hentry"],"acf":{"categorie":37,"afbeelding":8861,"auteur":"Via Belgica","fotografie":"Via Belgica","contentbuilder":[{"acf_fc_layout":"tekst","tekst":"Dans cet \u00e9pisode, nous cherchons \u00e0 Valkenburg l\u2019endroit o\u00f9 se trouvait autrefois une ancienne tour de guet romaine, et nous descendons sous terre pour visiter les Catacombes romaines. \u00ab Celui qui \u00e9crit, demeure ! \u00bb \u2014 les Romains l\u2019avaient d\u00e9j\u00e0 bien compris. Comment, avec quoi et pourquoi ils \u00e9crivaient, notre sp\u00e9cialiste du monde romain Jos Cremers nous l\u2019explique en d\u00e9tail. Nous cuisinons et go\u00fbtons \u00e9galement \u00e0 nouveau des plats romains, cette fois avec un mets romain propos\u00e9 par Otto Nijenhuis, chef du Ch\u00e2teau St. Gerlach : un rago\u00fbt d\u2019agneau \u00e0 l\u2019orge perl\u00e9."},{"acf_fc_layout":"video_embed","embedcode":"<iframe src=\"https:\/\/player.vimeo.com\/video\/451422112\" width=\"640\" height=\"360\" frameborder=\"0\" allow=\"autoplay; fullscreen\" allowfullscreen><\/iframe>"}]},"_links":{"self":[{"href":"https:\/\/www.viabelgica.nl\/fr\/wp-json\/wp\/v2\/posts\/17515","targetHints":{"allow":["GET"]}}],"collection":[{"href":"https:\/\/www.viabelgica.nl\/fr\/wp-json\/wp\/v2\/posts"}],"about":[{"href":"https:\/\/www.viabelgica.nl\/fr\/wp-json\/wp\/v2\/types\/post"}],"author":[{"embeddable":true,"href":"https:\/\/www.viabelgica.nl\/fr\/wp-json\/wp\/v2\/users\/1"}],"replies":[{"embeddable":true,"href":"https:\/\/www.viabelgica.nl\/fr\/wp-json\/wp\/v2\/comments?post=17515"}],"version-history":[{"count":1,"href":"https:\/\/www.viabelgica.nl\/fr\/wp-json\/wp\/v2\/posts\/17515\/revisions"}],"predecessor-version":[{"id":17517,"href":"https:\/\/www.viabelgica.nl\/fr\/wp-json\/wp\/v2\/posts\/17515\/revisions\/17517"}],"acf:term":[{"embeddable":true,"taxonomy":"category","href":"https:\/\/www.viabelgica.nl\/fr\/wp-json\/wp\/v2\/categories\/37"}],"wp:attachment":[{"href":"https:\/\/www.viabelgica.nl\/fr\/wp-json\/wp\/v2\/media?parent=17515"}],"wp:term":[{"taxonomy":"category","embeddable":true,"href":"https:\/\/www.viabelgica.nl\/fr\/wp-json\/wp\/v2\/categories?post=17515"},{"taxonomy":"post_tag","embeddable":true,"href":"https:\/\/www.viabelgica.nl\/fr\/wp-json\/wp\/v2\/tags?post=17515"}],"curies":[{"name":"wp","href":"https:\/\/api.w.org\/{rel}","templated":true}]}}