
{"id":17525,"date":"2020-07-31T12:05:03","date_gmt":"2020-07-31T10:05:03","guid":{"rendered":"https:\/\/www.viabelgica.nl\/terugkijken-l1-schatten-belgica-aflevering-4-voerendaal\/"},"modified":"2025-11-17T22:06:38","modified_gmt":"2025-11-17T20:06:38","slug":"terugkijken-l1-schatten-belgica-aflevering-4-voerendaal","status":"publish","type":"post","link":"https:\/\/www.viabelgica.nl\/fr\/terugkijken-l1-schatten-belgica-aflevering-4-voerendaal\/","title":{"rendered":"REVOIR \u2013 L1 \u00ab Tr\u00e9sors de la Via Belgica \u00bb \u00e9pisode 4 \u2013 Voerendaal"},"content":{"rendered":"","protected":false},"excerpt":{"rendered":"","protected":false},"author":1,"featured_media":0,"comment_status":"closed","ping_status":"closed","sticky":false,"template":"","format":"standard","meta":{"_acf_changed":false,"inline_featured_image":false,"footnotes":""},"categories":[],"tags":[],"class_list":["post-17525","post","type-post","status-publish","format-standard","hentry"],"acf":{"categorie":37,"afbeelding":8861,"auteur":"Via Belgica","fotografie":"Via Belgica","contentbuilder":[{"acf_fc_layout":"tekst","tekst":"Pour l\u2019ensemble du trac\u00e9 de la Via Belgica, nous savons \u00e0 peu pr\u00e8s comment et o\u00f9 elle passait. Cependant, \u00e0 Voerendaal, nous le savons avec certitude. Pourquoi ? Nous le d\u00e9couvrons dans cet \u00e9pisode. Nous apprenons \u00e9galement combien il \u00e9tait p\u00e9nible pour un g\u00e9n\u00e9ral romain de devoir combattre dans une cuirasse en fer. Et qui dit bon repas dit bon verre de vin \u2014 les Romains en \u00e9taient d\u00e9j\u00e0 convaincus. Alors nous allons d\u00e9guster du vin, \u00e0 la mani\u00e8re romaine."},{"acf_fc_layout":"video_embed","embedcode":"<iframe src=\"https:\/\/player.vimeo.com\/video\/443345293\" width=\"640\" height=\"360\" frameborder=\"0\" allow=\"autoplay; fullscreen\" allowfullscreen><\/iframe>"}]},"_links":{"self":[{"href":"https:\/\/www.viabelgica.nl\/fr\/wp-json\/wp\/v2\/posts\/17525","targetHints":{"allow":["GET"]}}],"collection":[{"href":"https:\/\/www.viabelgica.nl\/fr\/wp-json\/wp\/v2\/posts"}],"about":[{"href":"https:\/\/www.viabelgica.nl\/fr\/wp-json\/wp\/v2\/types\/post"}],"author":[{"embeddable":true,"href":"https:\/\/www.viabelgica.nl\/fr\/wp-json\/wp\/v2\/users\/1"}],"replies":[{"embeddable":true,"href":"https:\/\/www.viabelgica.nl\/fr\/wp-json\/wp\/v2\/comments?post=17525"}],"version-history":[{"count":2,"href":"https:\/\/www.viabelgica.nl\/fr\/wp-json\/wp\/v2\/posts\/17525\/revisions"}],"predecessor-version":[{"id":17536,"href":"https:\/\/www.viabelgica.nl\/fr\/wp-json\/wp\/v2\/posts\/17525\/revisions\/17536"}],"acf:term":[{"embeddable":true,"taxonomy":"category","href":"https:\/\/www.viabelgica.nl\/fr\/wp-json\/wp\/v2\/categories\/37"}],"wp:attachment":[{"href":"https:\/\/www.viabelgica.nl\/fr\/wp-json\/wp\/v2\/media?parent=17525"}],"wp:term":[{"taxonomy":"category","embeddable":true,"href":"https:\/\/www.viabelgica.nl\/fr\/wp-json\/wp\/v2\/categories?post=17525"},{"taxonomy":"post_tag","embeddable":true,"href":"https:\/\/www.viabelgica.nl\/fr\/wp-json\/wp\/v2\/tags?post=17525"}],"curies":[{"name":"wp","href":"https:\/\/api.w.org\/{rel}","templated":true}]}}