
{"id":17569,"date":"2020-07-22T09:37:18","date_gmt":"2020-07-22T07:37:18","guid":{"rendered":"https:\/\/www.viabelgica.nl\/duikers-controleren-toestand-wieg-maastricht\/"},"modified":"2025-11-17T22:29:59","modified_gmt":"2025-11-17T20:29:59","slug":"duikers-controleren-toestand-wieg-maastricht","status":"publish","type":"post","link":"https:\/\/www.viabelgica.nl\/fr\/duikers-controleren-toestand-wieg-maastricht\/","title":{"rendered":"Des plongeurs contr\u00f4lent l\u2019\u00e9tat du \u00ab berceau de Maastricht \u00bb"},"content":{"rendered":"","protected":false},"excerpt":{"rendered":"","protected":false},"author":1,"featured_media":0,"comment_status":"closed","ping_status":"closed","sticky":false,"template":"","format":"standard","meta":{"_acf_changed":false,"inline_featured_image":false,"footnotes":""},"categories":[],"tags":[],"class_list":["post-17569","post","type-post","status-publish","format-standard","hentry"],"acf":{"categorie":34,"afbeelding":8903,"auteur":"Harry Lindelauf","fotografie":"Laurens Bouvrie","contentbuilder":[{"acf_fc_layout":"tekst","tekst":"Des plongeurs de Mergor in Mosam ont contr\u00f4l\u00e9 le samedi 18 juillet l\u2019\u00e9tat de conservation des vestiges du pont romain \u00e0 Maastricht. Sous la supervision de l\u2019arch\u00e9ologue municipal Gilbert Soeters, une \u00e9tude a \u00e9galement \u00e9t\u00e9 men\u00e9e sur un nouveau cadre d\u00e9couvert, constitu\u00e9 de lourdes poutres en bois. Ce cadre se trouve dans un alignement diff\u00e9rent de celui des autres vestiges."},{"acf_fc_layout":"tekst_foto","tekst":"Les vestiges concernent des poutres en bois (certaines jusqu\u2019\u00e0 7 m\u00e8tres de long) ou des pieux, ainsi que des pierres naturelles taill\u00e9es, dispers\u00e9s sur une surface d\u2019environ 3 000 m\u00e8tres carr\u00e9s. Les restes du pont se situent environ 100 m\u00e8tres au sud du pont Saint-Servais. La bande contenant les vestiges s\u2019\u00e9tend de la berge du c\u00f4t\u00e9 de la ville jusqu\u2019\u00e0 environ les deux tiers de la Meuse en direction de Wyck. Les arch\u00e9ologues supposent au moins trois \u00e0 quatre (voire davantage) phases de construction de ponts romains dans la Meuse. Cette hypoth\u00e8se repose sur la datation de restes de bois gr\u00e2ce aux cernes de croissance. Samedi, un \u00e9chantillon a \u00e9galement \u00e9t\u00e9 pr\u00e9lev\u00e9 sur une poutre menac\u00e9e de destruction par l\u2019\u00e9rosion. Les d\u00e9couvertes issues d\u2019\u00e9tudes ant\u00e9rieures indiquent que, entre le Ier et le IVe si\u00e8cle, les Romains ont d\u00fb construire plusieurs ponts \u00e0 Maastricht, \u00e0 chaque fois en raison de la d\u00e9gradation du pont existant. Dans l\u2019annonce de l\u2019op\u00e9ration de plong\u00e9e, le pont romain est qualifi\u00e9 de berceau de la ville : \u00ab Sans pont, Maastricht n\u2019aurait jamais \u00e9t\u00e9 fond\u00e9e \u00e0 l\u2019\u00e9poque romaine. \u00bb","foto":8900},{"acf_fc_layout":"foto_tekst","foto":8897,"tekst":"Syst\u00e8me de mesure\r\nLes deux plongeurs de Mergor in Mosam ont pu travailler dans de bonnes conditions samedi. Au fond de la Meuse, la visibilit\u00e9 \u00e9tait encore d\u2019environ un m\u00e8tre et il n\u2019y avait pratiquement pas de courant. En plus du contr\u00f4le de l\u2019\u00e9rosion, un nouveau syst\u00e8me de mesure a \u00e9t\u00e9 install\u00e9. Pour cela, les nouveaux pieux d\u2019amarrage install\u00e9s plus t\u00f4t cette ann\u00e9e pour les navires de croisi\u00e8re ont \u00e9t\u00e9 utilis\u00e9s."},{"acf_fc_layout":"tekst_foto","tekst":"Monument national\r\nDepuis septembre 2017, les vestiges du pont romain au fond de la Meuse sont class\u00e9s comme monument arch\u00e9ologique national. Afin de contr\u00f4ler l\u2019\u00e9tat du monument, au moins une op\u00e9ration de plong\u00e9e par an est organis\u00e9e. Lors de cette op\u00e9ration, il est v\u00e9rifi\u00e9 s\u2019il y a \u00e9rosion et si la situation \u00e9volue. Les r\u00e9sultats de la plong\u00e9e sont consign\u00e9s dans un rapport et constituent la base d\u2019\u00e9ventuelles nouvelles mesures politiques de la municipalit\u00e9 de Maastricht concernant la consolidation des vestiges du pont, en concertation avec Rijkswaterstaat et l\u2019Agence n\u00e9erlandaise du Patrimoine culturel.","foto":8906}]},"_links":{"self":[{"href":"https:\/\/www.viabelgica.nl\/fr\/wp-json\/wp\/v2\/posts\/17569","targetHints":{"allow":["GET"]}}],"collection":[{"href":"https:\/\/www.viabelgica.nl\/fr\/wp-json\/wp\/v2\/posts"}],"about":[{"href":"https:\/\/www.viabelgica.nl\/fr\/wp-json\/wp\/v2\/types\/post"}],"author":[{"embeddable":true,"href":"https:\/\/www.viabelgica.nl\/fr\/wp-json\/wp\/v2\/users\/1"}],"replies":[{"embeddable":true,"href":"https:\/\/www.viabelgica.nl\/fr\/wp-json\/wp\/v2\/comments?post=17569"}],"version-history":[{"count":2,"href":"https:\/\/www.viabelgica.nl\/fr\/wp-json\/wp\/v2\/posts\/17569\/revisions"}],"predecessor-version":[{"id":17574,"href":"https:\/\/www.viabelgica.nl\/fr\/wp-json\/wp\/v2\/posts\/17569\/revisions\/17574"}],"acf:term":[{"embeddable":true,"taxonomy":"category","href":"https:\/\/www.viabelgica.nl\/fr\/wp-json\/wp\/v2\/categories\/34"}],"wp:attachment":[{"href":"https:\/\/www.viabelgica.nl\/fr\/wp-json\/wp\/v2\/media?parent=17569"}],"wp:term":[{"taxonomy":"category","embeddable":true,"href":"https:\/\/www.viabelgica.nl\/fr\/wp-json\/wp\/v2\/categories?post=17569"},{"taxonomy":"post_tag","embeddable":true,"href":"https:\/\/www.viabelgica.nl\/fr\/wp-json\/wp\/v2\/tags?post=17569"}],"curies":[{"name":"wp","href":"https:\/\/api.w.org\/{rel}","templated":true}]}}