
{"id":17592,"date":"2020-07-16T13:29:59","date_gmt":"2020-07-16T11:29:59","guid":{"rendered":"https:\/\/www.viabelgica.nl\/duik-in-de-geschiedenis\/"},"modified":"2025-11-17T22:37:59","modified_gmt":"2025-11-17T20:37:59","slug":"duik-in-de-geschiedenis","status":"publish","type":"post","link":"https:\/\/www.viabelgica.nl\/fr\/duik-in-de-geschiedenis\/","title":{"rendered":"Plongez dans l\u2019histoire"},"content":{"rendered":"","protected":false},"excerpt":{"rendered":"","protected":false},"author":1,"featured_media":0,"comment_status":"closed","ping_status":"closed","sticky":false,"template":"","format":"standard","meta":{"_acf_changed":false,"inline_featured_image":false,"footnotes":""},"categories":[],"tags":[],"class_list":["post-17592","post","type-post","status-publish","format-standard","hentry"],"acf":{"categorie":null,"afbeelding":8885,"auteur":"Gemeente Maastricht","fotografie":"Gemeente Maastricht","contentbuilder":[{"acf_fc_layout":"tekst","tekst":"Ce samedi, cinq plongeurs de Mergor in Mosam examineront les vestiges du pont romain. Entre 10h00 et 16h00, vous pourrez les voir pr\u00e8s du rondeel sur la Maasboulevard (dans le prolongement de la rue Eksterstraat). Mergor in Mosam est une fondation pour arch\u00e9ologues sous-marins amateurs et l\u2019op\u00e9ration de plong\u00e9e est effectu\u00e9e sous la direction de la commune de Maastricht."},{"acf_fc_layout":"tekst_witruimte","tekst":"<h3>Monument national<\/h3>\r\nDepuis septembre 2017, les vestiges du pont romain au fond de la Meuse sont class\u00e9s comme monument arch\u00e9ologique national. Afin de surveiller l\u2019\u00e9tat du monument, ils plongent au moins une fois par an. Ils v\u00e9rifient si de l\u2019\u00e9rosion se produit au niveau du monument et si la situation \u00e9volue.\r\n\r\nLe pont romain de Maastricht est le berceau de la ville : sans pont, Maastricht n\u2019aurait jamais \u00e9t\u00e9 fond\u00e9e \u00e0 l\u2019\u00e9poque romaine. Les unit\u00e9s militaires en route de la Gaule vers la fronti\u00e8re imp\u00e9riale sur le Rhin se heurtaient ici \u00e0 la Meuse comme obstacle. \u00c0 cette \u00e9poque, la Meuse \u00e9tait plus large, moins profonde et comportait des \u00eelots de gravier. En \u00e9t\u00e9, il \u00e9tait probablement assez facile de la traverser. En hiver, c\u2019\u00e9tait souvent une masse d\u2019eau tourbillonnante. De toute fa\u00e7on, ce n\u2019\u00e9tait pas agr\u00e9able pour des soldats romains portant environ 30 kilos d\u2019\u00e9quipement de devoir traverser l\u2019eau \u00e0 gu\u00e9. Le pont avait donc une grande importance strat\u00e9gique et a probablement \u00e9t\u00e9 construit par les Romains quelques d\u00e9cennies apr\u00e8s le d\u00e9but de notre \u00e8re.\r\n<h3>Rapport<\/h3>\r\nLes r\u00e9sultats de l\u2019op\u00e9ration de plong\u00e9e seront consign\u00e9s dans un rapport et constitueront la base de possibles nouvelles mesures politiques pour la conservation des vestiges du pont. Ces mesures seront \u00e9labor\u00e9es par la commune en concertation avec Rijkswaterstaat et l\u2019Agence n\u00e9erlandaise du Patrimoine culturel."}]},"_links":{"self":[{"href":"https:\/\/www.viabelgica.nl\/fr\/wp-json\/wp\/v2\/posts\/17592","targetHints":{"allow":["GET"]}}],"collection":[{"href":"https:\/\/www.viabelgica.nl\/fr\/wp-json\/wp\/v2\/posts"}],"about":[{"href":"https:\/\/www.viabelgica.nl\/fr\/wp-json\/wp\/v2\/types\/post"}],"author":[{"embeddable":true,"href":"https:\/\/www.viabelgica.nl\/fr\/wp-json\/wp\/v2\/users\/1"}],"replies":[{"embeddable":true,"href":"https:\/\/www.viabelgica.nl\/fr\/wp-json\/wp\/v2\/comments?post=17592"}],"version-history":[{"count":3,"href":"https:\/\/www.viabelgica.nl\/fr\/wp-json\/wp\/v2\/posts\/17592\/revisions"}],"predecessor-version":[{"id":17600,"href":"https:\/\/www.viabelgica.nl\/fr\/wp-json\/wp\/v2\/posts\/17592\/revisions\/17600"}],"wp:attachment":[{"href":"https:\/\/www.viabelgica.nl\/fr\/wp-json\/wp\/v2\/media?parent=17592"}],"wp:term":[{"taxonomy":"category","embeddable":true,"href":"https:\/\/www.viabelgica.nl\/fr\/wp-json\/wp\/v2\/categories?post=17592"},{"taxonomy":"post_tag","embeddable":true,"href":"https:\/\/www.viabelgica.nl\/fr\/wp-json\/wp\/v2\/tags?post=17592"}],"curies":[{"name":"wp","href":"https:\/\/api.w.org\/{rel}","templated":true}]}}