
{"id":17807,"date":"2020-03-10T09:50:39","date_gmt":"2020-03-10T07:50:39","guid":{"rendered":"https:\/\/www.viabelgica.nl\/maas-scheutig-romeins-verleden\/"},"modified":"2025-11-19T18:20:20","modified_gmt":"2025-11-19T16:20:20","slug":"maas-scheutig-romeins-verleden","status":"publish","type":"post","link":"https:\/\/www.viabelgica.nl\/fr\/maas-scheutig-romeins-verleden\/","title":{"rendered":"La Meuse peu g\u00e9n\u00e9reuse avec le pass\u00e9 romain"},"content":{"rendered":"","protected":false},"excerpt":{"rendered":"","protected":false},"author":1,"featured_media":0,"comment_status":"closed","ping_status":"closed","sticky":false,"template":"","format":"standard","meta":{"_acf_changed":false,"inline_featured_image":false,"footnotes":""},"categories":[],"tags":[],"class_list":["post-17807","post","type-post","status-publish","format-standard","hentry"],"acf":{"categorie":34,"afbeelding":8672,"auteur":"Harry Lindelauf","fotografie":"ARK Natuurontwikkeling","contentbuilder":[{"acf_fc_layout":"tekst","tekst":"La Meuse n\u2019a pas \u00e9t\u00e9 g\u00e9n\u00e9reuse en d\u00e9couvertes du pass\u00e9 romain lors des travaux de la Grensmaas.\r\nC\u2019est ce qui ressort de la nouvelle exposition au Kasteelhoeve Hartelstein \u00e0 Itteren, o\u00f9 les d\u00e9couvertes arch\u00e9ologiques sont pr\u00e9sent\u00e9es dans deux salles. Les trouvailles romaines sont absentes."},{"acf_fc_layout":"foto_tekst","foto":8660,"tekst":"Elles existent pourtant : des haches qui ont \u00e9t\u00e9 offertes, une lance de jet (pilum, voir photo) et quelques restes de tuiles.\r\nLes d\u00e9couvertes romaines du projet Grensmaas ne sont actuellement pas expos\u00e9es \u00e0 Hartelstein faute de place ; elles sont conserv\u00e9es au Mus\u00e9e du Limbourg \u00e0 Venlo.\r\nJan Roymans, associ\u00e9 au bureau arch\u00e9ologique RAAP, a encadr\u00e9 pendant des ann\u00e9es l\u2019extraction de sable et de gravier : \u00ab Les haches de l\u2019\u00e9poque romaine sont martel\u00e9es et ferm\u00e9es ; elles ne pouvaient plus \u00eatre utilis\u00e9es comme haches. Cela indique qu\u2019il s\u2019agit d\u2019offrandes jet\u00e9es dans la Meuse. \u00bb\r\n\r\nLa partie en fer de la lance romaine a \u00e9t\u00e9 trouv\u00e9e pr\u00e8s d\u2019Itteren. D\u2019autres trouvailles sont des morceaux arrondis et us\u00e9s de tuiles romaines. Ils proviennent peut-\u00eatre du complexe de villa de la Pasestraat \u00e0 Borgharen, \u00e9tudi\u00e9 en 1995 par le service arch\u00e9ologique de Maastricht. Des vestiges d\u2019un b\u00e2timent thermal y ont alors \u00e9t\u00e9 mis au jour.\r\nLe Mus\u00e9e du Limbourg pr\u00e9pare une grande exposition r\u00e9trospective sur l\u2019arch\u00e9ologie de la Grensmaas."}]},"_links":{"self":[{"href":"https:\/\/www.viabelgica.nl\/fr\/wp-json\/wp\/v2\/posts\/17807","targetHints":{"allow":["GET"]}}],"collection":[{"href":"https:\/\/www.viabelgica.nl\/fr\/wp-json\/wp\/v2\/posts"}],"about":[{"href":"https:\/\/www.viabelgica.nl\/fr\/wp-json\/wp\/v2\/types\/post"}],"author":[{"embeddable":true,"href":"https:\/\/www.viabelgica.nl\/fr\/wp-json\/wp\/v2\/users\/1"}],"replies":[{"embeddable":true,"href":"https:\/\/www.viabelgica.nl\/fr\/wp-json\/wp\/v2\/comments?post=17807"}],"version-history":[{"count":2,"href":"https:\/\/www.viabelgica.nl\/fr\/wp-json\/wp\/v2\/posts\/17807\/revisions"}],"predecessor-version":[{"id":17812,"href":"https:\/\/www.viabelgica.nl\/fr\/wp-json\/wp\/v2\/posts\/17807\/revisions\/17812"}],"acf:term":[{"embeddable":true,"taxonomy":"category","href":"https:\/\/www.viabelgica.nl\/fr\/wp-json\/wp\/v2\/categories\/34"}],"wp:attachment":[{"href":"https:\/\/www.viabelgica.nl\/fr\/wp-json\/wp\/v2\/media?parent=17807"}],"wp:term":[{"taxonomy":"category","embeddable":true,"href":"https:\/\/www.viabelgica.nl\/fr\/wp-json\/wp\/v2\/categories?post=17807"},{"taxonomy":"post_tag","embeddable":true,"href":"https:\/\/www.viabelgica.nl\/fr\/wp-json\/wp\/v2\/tags?post=17807"}],"curies":[{"name":"wp","href":"https:\/\/api.w.org\/{rel}","templated":true}]}}