
{"id":17836,"date":"2020-04-10T10:48:08","date_gmt":"2020-04-10T08:48:08","guid":{"rendered":"https:\/\/www.viabelgica.nl\/stichting-linea-recta-bestaat-125-jaar\/"},"modified":"2025-11-19T20:44:52","modified_gmt":"2025-11-19T18:44:52","slug":"stichting-linea-recta-bestaat-125-jaar","status":"publish","type":"post","link":"https:\/\/www.viabelgica.nl\/fr\/stichting-linea-recta-bestaat-125-jaar\/","title":{"rendered":"La fondation Linea Recta f\u00eate ses 12,5 ans !"},"content":{"rendered":"","protected":false},"excerpt":{"rendered":"","protected":false},"author":1,"featured_media":0,"comment_status":"closed","ping_status":"closed","sticky":false,"template":"","format":"standard","meta":{"_acf_changed":false,"inline_featured_image":false,"footnotes":""},"categories":[],"tags":[],"class_list":["post-17836","post","type-post","status-publish","format-standard","hentry"],"acf":{"categorie":34,"afbeelding":8693,"auteur":"Ankie Bosch","fotografie":"Ties Pijpers","contentbuilder":[{"acf_fc_layout":"tekst","tekst":"En 2006, l\u2019artiste John van den Berg parcourt \u00e0 v\u00e9lo, avec un ami, la Via Belgica. Une fois rentr\u00e9 chez lui, il traduit cette balade \u00e0 v\u00e9lo dans un \u00e9norme livre-scrapbook. Il compl\u00e8te dessins et photos par des informations de contexte, des cartes des environs et un po\u00e8me.\r\nCe scrapbook, raconte sa fille Eefke, est le d\u00e9but de la fondation Linea Recta, qui met depuis d\u00e9j\u00e0 12,5 ans le pass\u00e9 romain de Landgraaf \u00e0 l\u2019honneur."},{"acf_fc_layout":"tekst_foto","tekst":"Eefke Bos rayonne en montrant le livre. En fait, elle rayonne tout le temps. Elle est fi\u00e8re de son p\u00e8re, cela ne fait aucun doute. Le livre, explique-t-elle, \u00e9tait \u00e0 l\u2019origine destin\u00e9 \u00e0 \u00eatre un projet artistique. Un livre d\u2019inspiration. Lors des activit\u00e9s, les b\u00e9n\u00e9voles l\u2019ont toujours avec eux : \u00ab Il attire les gens. Les gens aiment le feuilleter, cela les inspire eux-m\u00eames. Et c\u2019est une belle fa\u00e7on de lancer une conversation. \u00bb\r\n\r\nDe fil en aiguille : du scrapbook \u00e0 une initiative citoyenne, de l\u2019initiative citoyenne \u00e0 un objectif social, et finalement \u00e0 une fondation. La grande question : comment attirer l\u2019attention sur le riche pass\u00e9 romain de Landgraaf ? Car m\u00eame si le pass\u00e9 se trouve juste sous votre nez, il faut savoir o\u00f9 regarder pour le voir.","foto":8699},{"acf_fc_layout":"tekst_foto","tekst":"<h3>Sensibilisation<\/h3>\r\nNous avons commenc\u00e9 par un projet de sensibilisation \u00bb, raconte Eefke.\r\n\u00c0 l\u2019aide de quatre \u00e9l\u00e9ments artistiques, le projet Via Linea Recta doit sensibiliser Landgraaf \u00e0 ses racines romaines. Une procession romaine depuis Schaesberg vers un march\u00e9 romain \u00e0 Rimburg est la premi\u00e8re attraction publique. Vient ensuite un livre, L\u2019amulette du Lichtberg, qui raconte la vie du l\u00e9gionnaire romain Lucas. Ce livre est \u00e9galement de la main de John, qui donne encore plus de vie au r\u00e9cit dans 52 tableaux expos\u00e9s \u00e0 De Dormig \u00e0 Schaesberg.\r\n\r\nIl y avait aussi un concert-th\u00e9\u00e2tre pr\u00e9vu, mais pour des raisons financi\u00e8res ce projet a \u00e9t\u00e9 repouss\u00e9. \u00ab Le projet de sensibilisation a dur\u00e9 trois ans \u00bb, explique Eefke. \u00ab Depuis, L\u2019amulette du Lichtberg est le point de d\u00e9part de tout ce que nous faisons. C\u2019est aussi formidable pour les \u00e9coles. Si vous donnez un tesson \u00e0 un enfant, cela ne lui dit pas grand-chose. Mais si vous lui racontez une histoire et lui montrez les tableaux, vous \u00e9veillez son imagination. C\u2019est l\u2019id\u00e9e du livre : lorsque vous l\u2019avez lu, vous regardez la Herenweg avec des yeux compl\u00e8tement diff\u00e9rents. \u00bb","foto":8711},{"acf_fc_layout":"foto_tekst","foto":8705,"tekst":"<h3>Ob\u00e9lix<\/h3>\r\nLes b\u00e9n\u00e9voles de Linea Recta emportent g\u00e9n\u00e9ralement une mallette p\u00e9dagogique dans les \u00e9coles. Eefke : \u00ab Nous avons un casque romain que les enfants peuvent essayer. Nous apportons souvent aussi le scrapbook.\r\nEt nous faisons souvent une randonn\u00e9e sur le plateau, d\u2019environ 5 kilom\u00e8tres, vers Op de Bies et le Vrouwengraf. \u00bb Les b\u00e9n\u00e9voles sont \u00e9galement disponibles pour d\u2019autres groupes int\u00e9ress\u00e9s : \u00ab Si vous souhaitez faire une randonn\u00e9e th\u00e9matique avec votre groupe de marche, nous avons un guide pour vous. Cela peut aussi \u00eatre accompagn\u00e9 d\u2019une conf\u00e9rence ou d\u2019un atelier \u00bb, explique Eefke. \u00ab Notre pr\u00e9sident, par exemple, travaille sur l\u2019histoire de l\u2019alimentation, donc vous pouvez m\u00eame demander un atelier culinaire. \u00bb\r\n\r\nPour toutes ces activit\u00e9s, Eefke est le premier point de contact. Les autres b\u00e9n\u00e9voles l\u2019aident lorsque n\u00e9cessaire. \u00ab Nous avons des gens qui d\u00e9placent des chaises et des tables, quelqu\u2019un qui g\u00e8re Facebook.\r\nD\u2019autres distribuent des flyers ou tiennent le stand d\u2019information.\r\nSi j\u2019ai besoin d\u2019aide, par exemple pour un atelier de fabrication de sachets parfum\u00e9s ou de mosa\u00efques, je regarde qui est disponible. L\u2019un de nos b\u00e9n\u00e9voles a m\u00eame un jour transport\u00e9 une colonne comme Ob\u00e9lix ! \u00bb"},{"acf_fc_layout":"tekst_foto","tekst":"<h3>Amis<\/h3>\r\nLinea Recta travaille en \u00e9troite collaboration avec d\u2019autres entreprises et organisations. Eefke : \u00ab La boulangerie Aroma, par exemple, a d\u00e9velopp\u00e9 le petit pain romain, un petit pain \u00e0 base d\u2019\u00e9peautre. Vous pouvez le diviser en quatre parts, car c\u2019\u00e9tait une ration journali\u00e8re. Et il y a une petite ficelle attach\u00e9e : pour le tenir, mais aussi pour le suspendre hors de port\u00e9e des nuisibles. \u00bb D\u2019autres entreprises soutiennent \u00e9galement la fondation : \u00ab Les campings, par exemple, le scoutisme, ou CPFXL, une entreprise d\u2019impression. Ils nous soutiennent depuis le d\u00e9but, pour que nous puissions accomplir quelque chose ensemble. \u00bb\r\n\r\n\u00ab Le 4 octobre, lors du prochain Festival Via Belgica, nous esp\u00e9rons faire quelque chose avec d\u2019autres Amis \u00bb, poursuit-elle. \u00ab Apr\u00e8s tout, nous regardons tous dans la m\u00eame direction. \u00bb Avant cela, une exposition r\u00e9trospective pour c\u00e9l\u00e9brer le 12,5e anniversaire est pr\u00e9vue, bien qu\u2019elle ait \u00e9t\u00e9 report\u00e9e du printemps 2020 \u00e0 une date ult\u00e9rieure en raison du coronavirus.","foto":7484},{"acf_fc_layout":"tekst_foto","tekst":"<h3>Groupe de voyageurs<\/h3>\r\nAu moment de l\u2019\u00e9criture, on travaille activement \u00e0 l\u2019ach\u00e8vement d\u2019une peinture sous le viaduc de la Haanweg. L\u2019\u0153uvre d\u2019art est l\u2019une des id\u00e9es que son p\u00e8re John avait d\u00e9j\u00e0 not\u00e9es dans son scrapbook. Sur les murs apparaissent les silhouettes d\u2019un groupe de voyageurs : une version de jour en direction de J\u00fclich et Cologne, une version de nuit en direction de Heerlen et Maastricht. Rythme des jours sera le titre de l\u2019\u0153uvre, une r\u00e9f\u00e9rence aux all\u00e9es et venues des voyageurs, comme c\u2019est toujours le cas aujourd\u2019hui. La peinture est r\u00e9alis\u00e9e par des b\u00e9n\u00e9voles, et tous les mat\u00e9riaux sont sponsoris\u00e9s. La date de l\u2019inauguration reste \u00e0 d\u00e9terminer. Entre-temps, les passants peuvent d\u00e9j\u00e0 admirer l\u2019avancement du travail.","foto":8735},{"acf_fc_layout":"tekst_quote","tekst":"<h3>R\u00eaves<\/h3>\r\nEefke a-t-elle encore des r\u00eaves pour Linea Recta ? \u00ab J\u2019aimerais vraiment que l\u2019itin\u00e9raire principal r\u00e9el, pour autant que l\u2019on en connaisse le trac\u00e9, soit balis\u00e9. Je ne suis pas tr\u00e8s digitale : je veux voir quelque chose quand je marche. Aujourd\u2019hui, l\u2019itin\u00e9raire principal fait 70 km en reliant des d\u00e9tours, alors que le trac\u00e9 r\u00e9el ne fait que 34 km. Nous craignons que les vrais cyclistes th\u00e9matiques ne d\u00e9crochent \u00e0 cause de cela. Alors que, s\u2019ils venaient et voyaient comme c\u2019est beau ici\u2026 \u00bb\r\n\r\nEt bien s\u00fbr, il reste encore plein d\u2019id\u00e9es dans le scrapbook de son p\u00e8re. Comme un parc romain sur un champ \u00e0 Rimburg (Eefke : \u00ab Quand le champ est labour\u00e9 et qu\u2019il a plu, il y va souvent \u00bb) ou un petit air de la Via Belgica. L\u00e0 encore, chaque id\u00e9e a toute une histoire. \u00ab Je peux en parler pendant des heures \u00bb, rit Eefke en refermant le scrapbook. \u00ab Quand papa a commenc\u00e9, je lui ai dit que je viendrais l\u2019aider une journ\u00e9e. C\u2019est compl\u00e8tement parti de travers. \u00bb\r\n\r\n&nbsp;\r\n\r\n&nbsp;","quote":"\u00ab Quand papa a commenc\u00e9, je lui ai dit que je viendrais l\u2019aider une journ\u00e9e. C\u2019est compl\u00e8tement parti de travers. \u00bb","naam":"Eefke Bos"},{"acf_fc_layout":"slideshow","slideshow":[8726,8732,8720,8717,8696,8690,8684,8687]}]},"_links":{"self":[{"href":"https:\/\/www.viabelgica.nl\/fr\/wp-json\/wp\/v2\/posts\/17836","targetHints":{"allow":["GET"]}}],"collection":[{"href":"https:\/\/www.viabelgica.nl\/fr\/wp-json\/wp\/v2\/posts"}],"about":[{"href":"https:\/\/www.viabelgica.nl\/fr\/wp-json\/wp\/v2\/types\/post"}],"author":[{"embeddable":true,"href":"https:\/\/www.viabelgica.nl\/fr\/wp-json\/wp\/v2\/users\/1"}],"replies":[{"embeddable":true,"href":"https:\/\/www.viabelgica.nl\/fr\/wp-json\/wp\/v2\/comments?post=17836"}],"version-history":[{"count":3,"href":"https:\/\/www.viabelgica.nl\/fr\/wp-json\/wp\/v2\/posts\/17836\/revisions"}],"predecessor-version":[{"id":17844,"href":"https:\/\/www.viabelgica.nl\/fr\/wp-json\/wp\/v2\/posts\/17836\/revisions\/17844"}],"acf:term":[{"embeddable":true,"taxonomy":"category","href":"https:\/\/www.viabelgica.nl\/fr\/wp-json\/wp\/v2\/categories\/34"}],"wp:attachment":[{"href":"https:\/\/www.viabelgica.nl\/fr\/wp-json\/wp\/v2\/media?parent=17836"}],"wp:term":[{"taxonomy":"category","embeddable":true,"href":"https:\/\/www.viabelgica.nl\/fr\/wp-json\/wp\/v2\/categories?post=17836"},{"taxonomy":"post_tag","embeddable":true,"href":"https:\/\/www.viabelgica.nl\/fr\/wp-json\/wp\/v2\/tags?post=17836"}],"curies":[{"name":"wp","href":"https:\/\/api.w.org\/{rel}","templated":true}]}}