
{"id":17862,"date":"2020-06-11T07:32:16","date_gmt":"2020-06-11T05:32:16","guid":{"rendered":"https:\/\/www.viabelgica.nl\/ingang-romeinse-versterking-gevonden-heerlen\/"},"modified":"2025-11-19T20:52:24","modified_gmt":"2025-11-19T18:52:24","slug":"ingang-romeinse-versterking-gevonden-heerlen","status":"publish","type":"post","link":"https:\/\/www.viabelgica.nl\/fr\/ingang-romeinse-versterking-gevonden-heerlen\/","title":{"rendered":"Entr\u00e9e d\u2019un renfort romain d\u00e9couverte \u00e0 Heerlen"},"content":{"rendered":"","protected":false},"excerpt":{"rendered":"","protected":false},"author":1,"featured_media":0,"comment_status":"closed","ping_status":"closed","sticky":false,"template":"","format":"standard","meta":{"_acf_changed":false,"inline_featured_image":false,"footnotes":""},"categories":[],"tags":[],"class_list":["post-17862","post","type-post","status-publish","format-standard","hentry"],"acf":{"categorie":null,"afbeelding":8759,"auteur":"Harry Lindelauf","fotografie":"Gemeente Heerlen","contentbuilder":[{"acf_fc_layout":"tekst","tekst":"Dans le centre de Heerlen, des vestiges d\u2019un renforcement romain ont \u00e9t\u00e9 d\u00e9couverts. Il s\u2019agit d\u2019un escalier construit en pierre naturelle qui forme l\u2019entr\u00e9e du renfort. Le renfort est situ\u00e9 sur la place Tempsplein, \u00e0 c\u00f4t\u00e9 du mus\u00e9e contenant les vestiges des thermes romains."},{"acf_fc_layout":"tekst_foto","tekst":"La d\u00e9couverte a \u00e9t\u00e9 faite lors de travaux d\u2019\u00e9gout. Plus t\u00f4t, d\u2019autres vestiges de l\u2019\u00e9poque romaine avaient d\u00e9j\u00e0 \u00e9t\u00e9 mis au jour sous la place, comme un four de potier et un foss\u00e9 qui faisait partie du renfort. Le renfort se trouvait pr\u00e8s du carrefour de la route romaine de Tr\u00e8ves via Aix-la-Chapelle vers Xanten et de la Via Belgica. Les fouilles ont \u00e9galement r\u00e9v\u00e9l\u00e9 des traces d\u2019habitation.","foto":8753},{"acf_fc_layout":"foto_tekst","foto":8756,"tekst":"Le renfort du Heerlen romain a \u00e9t\u00e9 construit au III\u1d49 si\u00e8cle. Les incursions de tribus germaniques furent \u00e0 l\u2019\u00e9poque aussi une raison de renforcer Maastricht et de construire des tours de guet le long des grandes voies."}]},"_links":{"self":[{"href":"https:\/\/www.viabelgica.nl\/fr\/wp-json\/wp\/v2\/posts\/17862","targetHints":{"allow":["GET"]}}],"collection":[{"href":"https:\/\/www.viabelgica.nl\/fr\/wp-json\/wp\/v2\/posts"}],"about":[{"href":"https:\/\/www.viabelgica.nl\/fr\/wp-json\/wp\/v2\/types\/post"}],"author":[{"embeddable":true,"href":"https:\/\/www.viabelgica.nl\/fr\/wp-json\/wp\/v2\/users\/1"}],"replies":[{"embeddable":true,"href":"https:\/\/www.viabelgica.nl\/fr\/wp-json\/wp\/v2\/comments?post=17862"}],"version-history":[{"count":2,"href":"https:\/\/www.viabelgica.nl\/fr\/wp-json\/wp\/v2\/posts\/17862\/revisions"}],"predecessor-version":[{"id":17867,"href":"https:\/\/www.viabelgica.nl\/fr\/wp-json\/wp\/v2\/posts\/17862\/revisions\/17867"}],"wp:attachment":[{"href":"https:\/\/www.viabelgica.nl\/fr\/wp-json\/wp\/v2\/media?parent=17862"}],"wp:term":[{"taxonomy":"category","embeddable":true,"href":"https:\/\/www.viabelgica.nl\/fr\/wp-json\/wp\/v2\/categories?post=17862"},{"taxonomy":"post_tag","embeddable":true,"href":"https:\/\/www.viabelgica.nl\/fr\/wp-json\/wp\/v2\/tags?post=17862"}],"curies":[{"name":"wp","href":"https:\/\/api.w.org\/{rel}","templated":true}]}}