
{"id":17887,"date":"2020-06-12T15:04:10","date_gmt":"2020-06-12T13:04:10","guid":{"rendered":"https:\/\/www.viabelgica.nl\/hulp-burgers-welkom-beeld-dame-voerendaal\/"},"modified":"2025-11-19T21:07:01","modified_gmt":"2025-11-19T19:07:01","slug":"hulp-burgers-welkom-beeld-dame-voerendaal","status":"publish","type":"post","link":"https:\/\/www.viabelgica.nl\/fr\/hulp-burgers-welkom-beeld-dame-voerendaal\/","title":{"rendered":"L\u2019aide des citoyens bienvenue pour la statue Dame de Voerendaal"},"content":{"rendered":"","protected":false},"excerpt":{"rendered":"","protected":false},"author":1,"featured_media":0,"comment_status":"closed","ping_status":"closed","sticky":false,"template":"","format":"standard","meta":{"_acf_changed":false,"inline_featured_image":false,"footnotes":""},"categories":[],"tags":[],"class_list":["post-17887","post","type-post","status-publish","format-standard","hentry"],"acf":{"categorie":1,"afbeelding":8777,"auteur":"Harry Lindelauf","fotografie":"Harry Lindelauf\/De Limburger","contentbuilder":[{"acf_fc_layout":"tekst","tekst":"Les citoyens d\u2019aujourd\u2019hui sont invit\u00e9s \u00e0 contribuer \u00e0 la r\u00e9alisation d\u2019une statue contemporaine de l\u2019ancienne \u00ab Dame de Voerendaal \u00bb romaine. Toute personne acceptant l\u2019invitation peut faire graver son nom dans un bloc de pierre de Kunrade. Le designer Tei van Neerven placera les pierres grav\u00e9es dans le profil ajour\u00e9 de 3,30 m\u00e8tres de haut et d\u2019environ 5 m\u00e8tres de long. L\u2019\u0153uvre d\u2019art sera install\u00e9e dans un petit espace vert devant la gare de Voerendaal."},{"acf_fc_layout":"tekst_foto","tekst":"L\u2019\u00e9chevin Peter Thomas (Patrimoine, CDA) et le gestionnaire de la gare NS Ron Lenssen ont \u00e9t\u00e9 les premiers \u00e0 graver leurs initiales le vendredi 12 juin. La couche visible de pierres peut \u00eatre grav\u00e9e. Finalement, la structure sera remplie d\u2019environ sept m\u00e8tres cubes de calcaire provenant de la carri\u00e8re de la Bergerweg \u00e0 Kunrade. \u00ab Sur la base de notre pass\u00e9 arch\u00e9ologique, nous souhaitons placer dans la commune des \u0153uvres d\u2019art qui renvoient au pass\u00e9 romain et au Pays de la Craie \u00bb, a d\u00e9clar\u00e9 l\u2019\u00e9chevin.","foto":8780},{"acf_fc_layout":"foto_tekst","foto":8774,"tekst":"La nouvelle \u0153uvre est la jumelle de celle d\u2019Ubachsberg, o\u00f9 le mot \u00ab craie \u00bb a \u00e9t\u00e9 inscrit dans l\u2019herbe \u00e0 l\u2019aide d\u2019acier Corten et de pierre de Kunrade.\r\nLa nouvelle statue, devant la gare, fait r\u00e9f\u00e9rence \u00e0 une t\u00eate f\u00e9minine en pierre trouv\u00e9e \u00e0 Voerendaal en 1917. La statue, haute de 50 centim\u00e8tres, est faite de gr\u00e8s de Nivelstein provenant de la vall\u00e9e du Worm. La coiffure de la \u00ab Dame de Voerendaal \u00bb est une copie de celle visible sur les portraits de Vibia Sabina, l\u2019\u00e9pouse de l\u2019empereur Hadrien (117\u2013138). La statue de Voerendaal faisait probablement partie du monument sur la tombe de la \u00ab Dame de Voerendaal \u00bb. Ce monument devait se trouver le long de la Via Belgica. Son emplacement exact n\u2019est pas connu."}]},"_links":{"self":[{"href":"https:\/\/www.viabelgica.nl\/fr\/wp-json\/wp\/v2\/posts\/17887","targetHints":{"allow":["GET"]}}],"collection":[{"href":"https:\/\/www.viabelgica.nl\/fr\/wp-json\/wp\/v2\/posts"}],"about":[{"href":"https:\/\/www.viabelgica.nl\/fr\/wp-json\/wp\/v2\/types\/post"}],"author":[{"embeddable":true,"href":"https:\/\/www.viabelgica.nl\/fr\/wp-json\/wp\/v2\/users\/1"}],"replies":[{"embeddable":true,"href":"https:\/\/www.viabelgica.nl\/fr\/wp-json\/wp\/v2\/comments?post=17887"}],"version-history":[{"count":3,"href":"https:\/\/www.viabelgica.nl\/fr\/wp-json\/wp\/v2\/posts\/17887\/revisions"}],"predecessor-version":[{"id":17895,"href":"https:\/\/www.viabelgica.nl\/fr\/wp-json\/wp\/v2\/posts\/17887\/revisions\/17895"}],"wp:attachment":[{"href":"https:\/\/www.viabelgica.nl\/fr\/wp-json\/wp\/v2\/media?parent=17887"}],"wp:term":[{"taxonomy":"category","embeddable":true,"href":"https:\/\/www.viabelgica.nl\/fr\/wp-json\/wp\/v2\/categories?post=17887"},{"taxonomy":"post_tag","embeddable":true,"href":"https:\/\/www.viabelgica.nl\/fr\/wp-json\/wp\/v2\/tags?post=17887"}],"curies":[{"name":"wp","href":"https:\/\/api.w.org\/{rel}","templated":true}]}}