
{"id":17900,"date":"2020-06-16T13:52:59","date_gmt":"2020-06-16T11:52:59","guid":{"rendered":"https:\/\/www.viabelgica.nl\/belgica-wegens-succes-verlengd\/"},"modified":"2025-11-19T21:13:22","modified_gmt":"2025-11-19T19:13:22","slug":"belgica-wegens-succes-verlengd","status":"publish","type":"post","link":"https:\/\/www.viabelgica.nl\/fr\/belgica-wegens-succes-verlengd\/","title":{"rendered":"COMMUNIQU\u00c9 DE PRESSE : Via Belgica prolong\u00e9e en raison du succ\u00e8s"},"content":{"rendered":"","protected":false},"excerpt":{"rendered":"","protected":false},"author":1,"featured_media":0,"comment_status":"closed","ping_status":"closed","sticky":false,"template":"","format":"standard","meta":{"_acf_changed":false,"inline_featured_image":false,"footnotes":""},"categories":[],"tags":[],"class_list":["post-17900","post","type-post","status-publish","format-standard","hentry"],"acf":{"categorie":1,"afbeelding":7514,"auteur":"Toos Hofstede","fotografie":" Mikko Kriek","contentbuilder":[{"acf_fc_layout":"tekst","tekst":"Le jeudi 18 juin prochain, les communes de Kerkrade, Heerlen, Simpelveld, Voerendaal, Valkenburg aan de Geul, Meerssen, Maastricht, Riemst (BE) et la Province du Limbourg signeront un nouveau contrat triennal Via Belgica. En raison des mesures li\u00e9es au coronavirus, une tournure ludique a \u00e9t\u00e9 donn\u00e9e \u00e0 la signature. Des cyclistes v\u00eatus de tenues romaines iront chercher les signatures \u00e0 v\u00e9lo aupr\u00e8s des responsables concern\u00e9s. La balade \u00e0 v\u00e9lo commence \u00e0 Heerlen et se termine sur le pont de Vroenhoven \u00e0 Riemst.\r\n\r\nContrat Via Belgica 2021\u20132023\r\nAu cours des quinze derni\u00e8res ann\u00e9es, on a travaill\u00e9 sur plusieurs fronts pour rendre visible et palpable la Via Belgica, l\u2019ancienne voie romaine de 400 kilom\u00e8tres qui traversait le sud du Limbourg et reliait la c\u00f4te fran\u00e7aise au Rhin allemand. Ce qui a commenc\u00e9 en 2005 par une vision \u2014 \u00ab Via Belgica, le pass\u00e9 en route vers l\u2019avenir \u00bb \u2014 est devenu une collaboration intercommunale et eur\u00e9gionale fructueuse associant arch\u00e9ologie et \u00e9conomie de l\u2019exp\u00e9rience. Dans le nouveau contrat, les parties expriment l\u2019intention de continuer \u00e0 coop\u00e9rer au moins jusqu\u2019en 2023. \u00ab Nous voulons rendre la Via Belgica encore plus visible et plus vivante. Comme il y a des si\u00e8cles, la Via Belgica doit \u00e0 nouveau ouvrir, rassembler et connecter. \u00bb (Ruud Burlet, d\u00e9put\u00e9 provincial charg\u00e9 de l\u2019Arch\u00e9ologie).\r\n\r\nTrouvez votre chemin dans le Limbourg romain\r\nLa strat\u00e9gie de communication d\u00e9velopp\u00e9e en 2016 par Viastory pour le compte de la Province du Limbourg et des communes partenaires sert de base pour rendre visible et vivante l\u2019histoire arch\u00e9ologique. Via Belgica ne se concentre pas seulement sur la route elle-m\u00eame, mais aussi sur le pass\u00e9 romain de la r\u00e9gion environnante. Sous le slogan \u00ab Trouvez votre chemin \u00bb, les utilisateurs et visiteurs sont invit\u00e9s \u00e0 red\u00e9couvrir le territoire. Au cours des quatre derni\u00e8res ann\u00e9es, un site web et une application avec itin\u00e9raires, r\u00e9cits, r\u00e9alit\u00e9 virtuelle et un guide de randonn\u00e9e Limbourg du Sud romain ont \u00e9t\u00e9 d\u00e9velopp\u00e9s.\r\n\u00c0 l\u2019\u00e9t\u00e9 2020, en coop\u00e9ration avec Routepunt, commencera la mise en place de la signalisation de l\u2019itin\u00e9raire p\u00e9destre de grande randonn\u00e9e Via Belgica, qui s\u2019\u00e9tend de Rimburg \u00e0 Maastricht.\r\n\r\nRenforcement et expansion\r\nPendant la nouvelle p\u00e9riode du contrat, on continuera \u00e0 construire sur les bases solides d\u00e9j\u00e0 pos\u00e9es. Le trac\u00e9 sera \u00e9tudi\u00e9, les entrepreneurs travailleront sur des offres attractives, les r\u00e9cits arch\u00e9ologiques seront partag\u00e9s et les itin\u00e9raires balis\u00e9s. En outre, les partenaires du contrat s\u2019engagent \u00e0 une coop\u00e9ration transfrontali\u00e8re accrue en Allemagne, en Belgique et en France.\r\n\r\n<a href=\"https:\/\/www.viabelgica.nl\/wp-content\/uploads\/2020\/06\/VIA-Belgica-Convenant-2021-2023.pdf\">T\u00e9l\u00e9chargez la convention<\/a>."}]},"_links":{"self":[{"href":"https:\/\/www.viabelgica.nl\/fr\/wp-json\/wp\/v2\/posts\/17900","targetHints":{"allow":["GET"]}}],"collection":[{"href":"https:\/\/www.viabelgica.nl\/fr\/wp-json\/wp\/v2\/posts"}],"about":[{"href":"https:\/\/www.viabelgica.nl\/fr\/wp-json\/wp\/v2\/types\/post"}],"author":[{"embeddable":true,"href":"https:\/\/www.viabelgica.nl\/fr\/wp-json\/wp\/v2\/users\/1"}],"replies":[{"embeddable":true,"href":"https:\/\/www.viabelgica.nl\/fr\/wp-json\/wp\/v2\/comments?post=17900"}],"version-history":[{"count":3,"href":"https:\/\/www.viabelgica.nl\/fr\/wp-json\/wp\/v2\/posts\/17900\/revisions"}],"predecessor-version":[{"id":17910,"href":"https:\/\/www.viabelgica.nl\/fr\/wp-json\/wp\/v2\/posts\/17900\/revisions\/17910"}],"wp:attachment":[{"href":"https:\/\/www.viabelgica.nl\/fr\/wp-json\/wp\/v2\/media?parent=17900"}],"wp:term":[{"taxonomy":"category","embeddable":true,"href":"https:\/\/www.viabelgica.nl\/fr\/wp-json\/wp\/v2\/categories?post=17900"},{"taxonomy":"post_tag","embeddable":true,"href":"https:\/\/www.viabelgica.nl\/fr\/wp-json\/wp\/v2\/tags?post=17900"}],"curies":[{"name":"wp","href":"https:\/\/api.w.org\/{rel}","templated":true}]}}